{"id":959,"date":"2023-03-08T22:11:32","date_gmt":"2023-03-09T05:11:32","guid":{"rendered":"https:\/\/alcierrenoticias.com\/?p=959"},"modified":"2023-03-08T22:11:32","modified_gmt":"2023-03-09T05:11:32","slug":"manifestantes-del-8m-prenden-fuego-a-ventanas-de-palacio-de-gobierno","status":"publish","type":"post","link":"https:\/\/alcierrenoticias.com\/index.php\/2023\/03\/08\/manifestantes-del-8m-prenden-fuego-a-ventanas-de-palacio-de-gobierno\/","title":{"rendered":"Manifestantes del 8M prenden fuego a ventanas de palacio de gobierno."},"content":{"rendered":"<p>Con aerosoles y encendedores, las manifestantes prendieron fuego a las ventanas de madera de la Calle 11, hechos que generaron una fuerte movilizaci\u00f3n policiaca.<\/p>\n<p>Tras incendiar las ventanas las manifestantes abandonaron el lugar.<\/p>\n<p>Adem\u00e1s cientos de mujeres se manifestaron este d\u00eda en diversas calles de la ciudad donde exigieron pare la violencia.<\/p>\n<p>Sin embargo, la protesta se sali\u00f3 de control donde realizaron destrozos en edificios p\u00fablicos y privados, quebraron ventanas y posteriormente quemaron las ventanas de Palacio de Gobierno.<\/p>\n<div class=\"jetpack-video-wrapper\">\n<div class=\"newspaper-x-video-container\"><iframe title=\"Incendian feministas ventanas de Palacio de Gobierno\" width=\"750\" height=\"422\" src=\"https:\/\/www.youtube.com\/embed\/F0s5UhtvObI?feature=oembed\" frameborder=\"0\" allow=\"accelerometer; autoplay; clipboard-write; encrypted-media; gyroscope; picture-in-picture; web-share\" allowfullscreen><\/iframe><\/div>\n<\/div>\n<div class=\"jetpack-video-wrapper\">\n<div class=\"newspaper-x-video-container\"><iframe title=\"Incendian feministas ventanas de Palacio de Gobierno 2\" width=\"750\" height=\"422\" src=\"https:\/\/www.youtube.com\/embed\/Fs8kQRtPnhg?feature=oembed\" frameborder=\"0\" allow=\"accelerometer; autoplay; clipboard-write; encrypted-media; gyroscope; picture-in-picture; web-share\" allowfullscreen><\/iframe><\/div>\n<\/div>\n<p>&nbsp;<\/p>\n","protected":false},"excerpt":{"rendered":"<p>Con aerosoles y encendedores, las manifestantes prendieron fuego a las ventanas de madera de la Calle 11, hechos que generaron una fuerte movilizaci\u00f3n policiaca. Tras incendiar las ventanas las manifestantes abandonaron el lugar. Adem\u00e1s cientos de mujeres se manifestaron este d\u00eda en diversas calles de la ciudad donde exigieron pare la violencia. Sin embargo, la protesta se sali\u00f3 de control donde realizaron destrozos en edificios p\u00fablicos y privados, quebraron ventanas y posteriormente quemaron las ventanas de Palacio de Gobierno. &nbsp;<\/p>\n","protected":false},"author":2,"featured_media":960,"comment_status":"open","ping_status":"open","sticky":false,"template":"","format":"standard","meta":{"_monsterinsights_skip_tracking":false,"_monsterinsights_sitenote_active":false,"_monsterinsights_sitenote_note":"","_monsterinsights_sitenote_category":0,"advanced_seo_description":"","jetpack_seo_html_title":"","jetpack_seo_noindex":false,"_jetpack_memberships_contains_paid_content":false,"footnotes":"","jetpack_publicize_message":"","jetpack_publicize_feature_enabled":true,"jetpack_social_post_already_shared":true,"jetpack_social_options":{"image_generator_settings":{"template":"highway","enabled":false},"version":2}},"categories":[8,135,11],"tags":[],"class_list":["post-959","post","type-post","status-publish","format-standard","has-post-thumbnail","hentry","category-estado","category-lo-mas-leido","category-principal"],"jetpack_publicize_connections":[],"jetpack_sharing_enabled":true,"jetpack_featured_media_url":"https:\/\/i0.wp.com\/alcierrenoticias.com\/wp-content\/uploads\/2023\/03\/principal_caaf9859-4ec8-4f3a-9866-047fe0700ea4.jpg?fit=770%2C423&ssl=1","amp_enabled":true,"_links":{"self":[{"href":"https:\/\/alcierrenoticias.com\/index.php\/wp-json\/wp\/v2\/posts\/959","targetHints":{"allow":["GET"]}}],"collection":[{"href":"https:\/\/alcierrenoticias.com\/index.php\/wp-json\/wp\/v2\/posts"}],"about":[{"href":"https:\/\/alcierrenoticias.com\/index.php\/wp-json\/wp\/v2\/types\/post"}],"author":[{"embeddable":true,"href":"https:\/\/alcierrenoticias.com\/index.php\/wp-json\/wp\/v2\/users\/2"}],"replies":[{"embeddable":true,"href":"https:\/\/alcierrenoticias.com\/index.php\/wp-json\/wp\/v2\/comments?post=959"}],"version-history":[{"count":1,"href":"https:\/\/alcierrenoticias.com\/index.php\/wp-json\/wp\/v2\/posts\/959\/revisions"}],"predecessor-version":[{"id":961,"href":"https:\/\/alcierrenoticias.com\/index.php\/wp-json\/wp\/v2\/posts\/959\/revisions\/961"}],"wp:featuredmedia":[{"embeddable":true,"href":"https:\/\/alcierrenoticias.com\/index.php\/wp-json\/wp\/v2\/media\/960"}],"wp:attachment":[{"href":"https:\/\/alcierrenoticias.com\/index.php\/wp-json\/wp\/v2\/media?parent=959"}],"wp:term":[{"taxonomy":"category","embeddable":true,"href":"https:\/\/alcierrenoticias.com\/index.php\/wp-json\/wp\/v2\/categories?post=959"},{"taxonomy":"post_tag","embeddable":true,"href":"https:\/\/alcierrenoticias.com\/index.php\/wp-json\/wp\/v2\/tags?post=959"}],"curies":[{"name":"wp","href":"https:\/\/api.w.org\/{rel}","templated":true}]}}