{"id":8846,"date":"2024-05-20T15:04:30","date_gmt":"2024-05-20T21:04:30","guid":{"rendered":"https:\/\/alcierrenoticias.com\/?p=8846"},"modified":"2024-05-20T15:04:30","modified_gmt":"2024-05-20T21:04:30","slug":"llegan-unidades-de-mastografias-y-papanicolaou-a-estacion-consuelo","status":"publish","type":"post","link":"https:\/\/alcierrenoticias.com\/index.php\/2024\/05\/20\/llegan-unidades-de-mastografias-y-papanicolaou-a-estacion-consuelo\/","title":{"rendered":"Llegan Unidades de Mastograf\u00edas y Papanicolaou a Estaci\u00f3n Consuelo."},"content":{"rendered":"<p>Este 25 de mayo estar\u00e1n en la Plaza Principal de la cabecera municipal<\/p>\n<p>Un total de 38 mujeres fueron atendidas en la Unidades de Mastograf\u00edas y Papanicolaou, las cuales estuvieron ubicadas en el Centro de Salud de Estaci\u00f3n Consuelo, donde adem\u00e1s se realiz\u00f3 una Feria de Salud, en la cual se brindaron servicios como detecciones de hipertensi\u00f3n y glucosa, atenci\u00f3n m\u00e9dica general, nutricional, psicol\u00f3gica, odontolog\u00eda y campa\u00f1a de vacunaci\u00f3n antirr\u00e1bica y desparasitaci\u00f3n y esterilizaci\u00f3n.<\/p>\n<p>As\u00ed lo inform\u00f3 la Dra. Sayuri N\u00fa\u00f1ez, directora de Salud, quien adem\u00e1s dio a conocer que estas unidades estar\u00e1n en la Plaza Principal de la cabecera municipal los d\u00edas 25 y 26 de mayo de 8 de la ma\u00f1ana a 1 de la tarde, extendiendo la invitaci\u00f3n a todas las mujeres entre 45 y 60 a\u00f1os de edad que deseen realizarse estos estudios.<\/p>\n<p>Por \u00faltimo, mencion\u00f3 que esto se realiza en el marco del D\u00eda Internacional de Acci\u00f3n por la Salud de la Mujer: \u201cEs muy importante que le demos las armas a todas las mujeres para que puedan tener una detecci\u00f3n oportuna, un tratamiento a tiempo y una salud digna\u201d.<\/p>\n","protected":false},"excerpt":{"rendered":"<p>Este 25 de mayo estar\u00e1n en la Plaza Principal de la cabecera municipal Un total de 38 mujeres fueron atendidas en la Unidades de Mastograf\u00edas y Papanicolaou, las cuales estuvieron ubicadas en el Centro de Salud de Estaci\u00f3n Consuelo, donde adem\u00e1s se realiz\u00f3 una Feria de Salud, en la cual se brindaron servicios como detecciones de hipertensi\u00f3n y glucosa, atenci\u00f3n m\u00e9dica general, nutricional, psicol\u00f3gica, odontolog\u00eda y campa\u00f1a de vacunaci\u00f3n antirr\u00e1bica y desparasitaci\u00f3n y esterilizaci\u00f3n. As\u00ed lo inform\u00f3 la Dra. Sayuri N\u00fa\u00f1ez, directora de Salud, quien adem\u00e1s dio a conocer que estas unidades estar\u00e1n en la Plaza Principal de la cabecera municipal los d\u00edas 25 y 26 de mayo de 8 de la ma\u00f1ana a 1 de la tarde, extendiendo la invitaci\u00f3n a todas las mujeres entre 45 y 60 a\u00f1os de edad que deseen realizarse estos estudios. Por \u00faltimo, mencion\u00f3 que esto se realiza en el marco del D\u00eda Internacional de Acci\u00f3n por la Salud de la Mujer: \u201cEs muy importante que le demos las armas a todas las mujeres para que puedan tener una detecci\u00f3n oportuna, un tratamiento a tiempo y una salud digna\u201d.<\/p>\n","protected":false},"author":2,"featured_media":8847,"comment_status":"open","ping_status":"open","sticky":false,"template":"","format":"standard","meta":{"_monsterinsights_skip_tracking":false,"_monsterinsights_sitenote_active":false,"_monsterinsights_sitenote_note":"","_monsterinsights_sitenote_category":0,"advanced_seo_description":"","jetpack_seo_html_title":"","jetpack_seo_noindex":false,"_jetpack_memberships_contains_paid_content":false,"footnotes":"","jetpack_publicize_message":"","jetpack_publicize_feature_enabled":true,"jetpack_social_post_already_shared":true,"jetpack_social_options":{"image_generator_settings":{"template":"highway","enabled":false},"version":2}},"categories":[135,7,11],"tags":[],"class_list":["post-8846","post","type-post","status-publish","format-standard","has-post-thumbnail","hentry","category-lo-mas-leido","category-local","category-principal"],"jetpack_publicize_connections":[],"jetpack_sharing_enabled":true,"jetpack_featured_media_url":"https:\/\/i0.wp.com\/alcierrenoticias.com\/wp-content\/uploads\/2024\/05\/WhatsApp-Image-2024-05-20-at-2.33.33-PM.jpeg?fit=967%2C642&ssl=1","amp_enabled":true,"_links":{"self":[{"href":"https:\/\/alcierrenoticias.com\/index.php\/wp-json\/wp\/v2\/posts\/8846","targetHints":{"allow":["GET"]}}],"collection":[{"href":"https:\/\/alcierrenoticias.com\/index.php\/wp-json\/wp\/v2\/posts"}],"about":[{"href":"https:\/\/alcierrenoticias.com\/index.php\/wp-json\/wp\/v2\/types\/post"}],"author":[{"embeddable":true,"href":"https:\/\/alcierrenoticias.com\/index.php\/wp-json\/wp\/v2\/users\/2"}],"replies":[{"embeddable":true,"href":"https:\/\/alcierrenoticias.com\/index.php\/wp-json\/wp\/v2\/comments?post=8846"}],"version-history":[{"count":1,"href":"https:\/\/alcierrenoticias.com\/index.php\/wp-json\/wp\/v2\/posts\/8846\/revisions"}],"predecessor-version":[{"id":8848,"href":"https:\/\/alcierrenoticias.com\/index.php\/wp-json\/wp\/v2\/posts\/8846\/revisions\/8848"}],"wp:featuredmedia":[{"embeddable":true,"href":"https:\/\/alcierrenoticias.com\/index.php\/wp-json\/wp\/v2\/media\/8847"}],"wp:attachment":[{"href":"https:\/\/alcierrenoticias.com\/index.php\/wp-json\/wp\/v2\/media?parent=8846"}],"wp:term":[{"taxonomy":"category","embeddable":true,"href":"https:\/\/alcierrenoticias.com\/index.php\/wp-json\/wp\/v2\/categories?post=8846"},{"taxonomy":"post_tag","embeddable":true,"href":"https:\/\/alcierrenoticias.com\/index.php\/wp-json\/wp\/v2\/tags?post=8846"}],"curies":[{"name":"wp","href":"https:\/\/api.w.org\/{rel}","templated":true}]}}