{"id":817,"date":"2023-03-02T17:33:18","date_gmt":"2023-03-03T00:33:18","guid":{"rendered":"https:\/\/alcierrenoticias.com\/?p=817"},"modified":"2023-03-02T17:33:18","modified_gmt":"2023-03-03T00:33:18","slug":"despliega-miriam-soto-operativo-por-emergencia-por-rafagas-de-viento-y-recorre-zonas-afectadas-de-meoqui","status":"publish","type":"post","link":"https:\/\/alcierrenoticias.com\/index.php\/2023\/03\/02\/despliega-miriam-soto-operativo-por-emergencia-por-rafagas-de-viento-y-recorre-zonas-afectadas-de-meoqui\/","title":{"rendered":"Despliega Miriam Soto operativo por emergencia por r\u00e1fagas de viento y recorre zonas afectadas de Meoqui."},"content":{"rendered":"<p><em>DSPM Meoqui atendi\u00f3 reportes por ca\u00edda de \u00e1rboles, postes, l\u00e1minas, cristales y cables<\/em><\/p>\n<p>&nbsp;<\/p>\n<p>Ante las r\u00e1fagas de viento que se presentaron en el Estado, la alcaldesa Miriam Soto despleg\u00f3 un operativo de emergencia con el objetivo de salvaguardar la vida de los meoquenses recorriendo junto con las corporaciones, los lugares con afectaciones en el municipio de Meoqui.<\/p>\n<p>&nbsp;<\/p>\n<p>\u201cHemos tenido muchos llamados a trav\u00e9s del 911, redes sociales y grupos de WhatsApp, estamos aqu\u00ed para cuidar a las familias de Meoqui, toda Seguridad P\u00fablica, Protecci\u00f3n Civil, Servicios y Obras P\u00fablicas est\u00e1 trabajando para ello\u201d, as\u00ed lo dio a conocer la alcaldesa durante el recorrido por los lugares afectados.<\/p>\n<p>&nbsp;<\/p>\n<p>De igual manera, la arquitecta Mirian Soto exhort\u00f3 a la ciudadan\u00eda a no salir de sus hogares si no lo requieren y comparti\u00f3 que ante cualquier emergencia pueden reportarlo al 911, y agreg\u00f3: \u201cTengan paciencia tenemos muchas solicitudes, pero nuestros elementos estar\u00e1n atendiendo cada reporte\u201d.<\/p>\n<p>&nbsp;<\/p>\n<p>Adem\u00e1s, mencion\u00f3 que se est\u00e1n coordinando con la Comisi\u00f3n Federal de Electricidad para atender todos los reportes de cableados y postes que fueron derribados por el viento.<\/p>\n<p><img data-recalc-dims=\"1\" fetchpriority=\"high\" decoding=\"async\" class=\"alignnone  wp-image-819\" src=\"https:\/\/i0.wp.com\/alcierrenoticias.com\/wp-content\/uploads\/2023\/03\/WhatsApp-Image-2023-03-02-at-5.44.34-PM.jpeg?resize=679%2C382&#038;ssl=1\" alt=\"\" width=\"679\" height=\"382\" srcset=\"https:\/\/i0.wp.com\/alcierrenoticias.com\/wp-content\/uploads\/2023\/03\/WhatsApp-Image-2023-03-02-at-5.44.34-PM.jpeg?resize=300%2C169&amp;ssl=1 300w, https:\/\/i0.wp.com\/alcierrenoticias.com\/wp-content\/uploads\/2023\/03\/WhatsApp-Image-2023-03-02-at-5.44.34-PM.jpeg?resize=1024%2C576&amp;ssl=1 1024w, https:\/\/i0.wp.com\/alcierrenoticias.com\/wp-content\/uploads\/2023\/03\/WhatsApp-Image-2023-03-02-at-5.44.34-PM.jpeg?resize=768%2C432&amp;ssl=1 768w, https:\/\/i0.wp.com\/alcierrenoticias.com\/wp-content\/uploads\/2023\/03\/WhatsApp-Image-2023-03-02-at-5.44.34-PM.jpeg?resize=1536%2C864&amp;ssl=1 1536w, https:\/\/i0.wp.com\/alcierrenoticias.com\/wp-content\/uploads\/2023\/03\/WhatsApp-Image-2023-03-02-at-5.44.34-PM.jpeg?w=1599&amp;ssl=1 1599w\" sizes=\"(max-width: 679px) 100vw, 679px\" \/><\/p>\n<p>&nbsp;<\/p>\n<p>Protecci\u00f3n Civil y Bomberos de Meoqui emiti\u00f3 las siguientes recomendaciones:<\/p>\n<p>&nbsp;<\/p>\n<p>Evitar salir de casa de no requerirlo<\/p>\n<p>Evitar mantenerse debajo de \u00e1rboles, postes, l\u00e1minas o espectaculares<\/p>\n<p>No realizar quemas controladas<\/p>\n<p>Conducir con precauci\u00f3n<\/p>\n<p>Ante cualquier emergencia reportarlo al 911<\/p>\n","protected":false},"excerpt":{"rendered":"<p>DSPM Meoqui atendi\u00f3 reportes por ca\u00edda de \u00e1rboles, postes, l\u00e1minas, cristales y cables &nbsp; Ante las r\u00e1fagas de viento que se presentaron en el Estado, la alcaldesa Miriam Soto despleg\u00f3 un operativo de emergencia con el objetivo de salvaguardar la vida de los meoquenses recorriendo junto con las corporaciones, los lugares con afectaciones en el municipio de Meoqui. &nbsp; \u201cHemos tenido muchos llamados a trav\u00e9s del 911, redes sociales y grupos de WhatsApp, estamos aqu\u00ed para cuidar a las familias de Meoqui, toda Seguridad P\u00fablica, Protecci\u00f3n Civil, Servicios y Obras P\u00fablicas est\u00e1 trabajando para ello\u201d, as\u00ed lo dio a conocer la alcaldesa durante el recorrido por los lugares afectados. &nbsp; De igual manera, la arquitecta Mirian Soto exhort\u00f3 a la ciudadan\u00eda a no salir de sus hogares si no lo requieren y comparti\u00f3 que ante cualquier emergencia pueden reportarlo al 911, y agreg\u00f3: \u201cTengan paciencia tenemos muchas solicitudes, pero nuestros elementos estar\u00e1n atendiendo cada reporte\u201d. &nbsp; Adem\u00e1s, mencion\u00f3 que se est\u00e1n coordinando con la Comisi\u00f3n Federal de Electricidad para atender todos los reportes de cableados y postes que fueron derribados por el viento. &nbsp; Protecci\u00f3n Civil y Bomberos de Meoqui emiti\u00f3 las siguientes recomendaciones: &nbsp; Evitar salir de casa de no requerirlo Evitar mantenerse debajo de \u00e1rboles, postes, l\u00e1minas o espectaculares No realizar quemas controladas Conducir con precauci\u00f3n Ante cualquier emergencia reportarlo al 911<\/p>\n","protected":false},"author":2,"featured_media":818,"comment_status":"open","ping_status":"open","sticky":false,"template":"","format":"standard","meta":{"_monsterinsights_skip_tracking":false,"_monsterinsights_sitenote_active":false,"_monsterinsights_sitenote_note":"","_monsterinsights_sitenote_category":0,"advanced_seo_description":"","jetpack_seo_html_title":"","jetpack_seo_noindex":false,"_jetpack_memberships_contains_paid_content":false,"footnotes":"","jetpack_publicize_message":"","jetpack_publicize_feature_enabled":true,"jetpack_social_post_already_shared":true,"jetpack_social_options":{"image_generator_settings":{"template":"highway","enabled":false},"version":2}},"categories":[135,7,11],"tags":[],"class_list":["post-817","post","type-post","status-publish","format-standard","has-post-thumbnail","hentry","category-lo-mas-leido","category-local","category-principal"],"jetpack_publicize_connections":[],"jetpack_sharing_enabled":true,"jetpack_featured_media_url":"https:\/\/i0.wp.com\/alcierrenoticias.com\/wp-content\/uploads\/2023\/03\/WhatsApp-Image-2023-03-02-at-5.44.32-PM.jpeg?fit=1600%2C900&ssl=1","amp_enabled":true,"_links":{"self":[{"href":"https:\/\/alcierrenoticias.com\/index.php\/wp-json\/wp\/v2\/posts\/817","targetHints":{"allow":["GET"]}}],"collection":[{"href":"https:\/\/alcierrenoticias.com\/index.php\/wp-json\/wp\/v2\/posts"}],"about":[{"href":"https:\/\/alcierrenoticias.com\/index.php\/wp-json\/wp\/v2\/types\/post"}],"author":[{"embeddable":true,"href":"https:\/\/alcierrenoticias.com\/index.php\/wp-json\/wp\/v2\/users\/2"}],"replies":[{"embeddable":true,"href":"https:\/\/alcierrenoticias.com\/index.php\/wp-json\/wp\/v2\/comments?post=817"}],"version-history":[{"count":3,"href":"https:\/\/alcierrenoticias.com\/index.php\/wp-json\/wp\/v2\/posts\/817\/revisions"}],"predecessor-version":[{"id":822,"href":"https:\/\/alcierrenoticias.com\/index.php\/wp-json\/wp\/v2\/posts\/817\/revisions\/822"}],"wp:featuredmedia":[{"embeddable":true,"href":"https:\/\/alcierrenoticias.com\/index.php\/wp-json\/wp\/v2\/media\/818"}],"wp:attachment":[{"href":"https:\/\/alcierrenoticias.com\/index.php\/wp-json\/wp\/v2\/media?parent=817"}],"wp:term":[{"taxonomy":"category","embeddable":true,"href":"https:\/\/alcierrenoticias.com\/index.php\/wp-json\/wp\/v2\/categories?post=817"},{"taxonomy":"post_tag","embeddable":true,"href":"https:\/\/alcierrenoticias.com\/index.php\/wp-json\/wp\/v2\/tags?post=817"}],"curies":[{"name":"wp","href":"https:\/\/api.w.org\/{rel}","templated":true}]}}