{"id":794,"date":"2023-03-02T14:47:35","date_gmt":"2023-03-02T21:47:35","guid":{"rendered":"https:\/\/alcierrenoticias.com\/?p=794"},"modified":"2023-03-02T14:47:35","modified_gmt":"2023-03-02T21:47:35","slug":"este-domingo-en-meoqui-festejaran-el-dia-internacional-de-la-familia-en-el-parque-del-dif","status":"publish","type":"post","link":"https:\/\/alcierrenoticias.com\/index.php\/2023\/03\/02\/este-domingo-en-meoqui-festejaran-el-dia-internacional-de-la-familia-en-el-parque-del-dif\/","title":{"rendered":"Este domingo en Meoqui festejar\u00e1n el D\u00eda Internacional de la Familia en el Parque del DIF"},"content":{"rendered":"<p><em>La entrada ser\u00e1 totalmente gratuita a partir de las 5:00 PM <\/em><\/p>\n<p>&nbsp;<\/p>\n<p>Con show familiar, refrigerios, rifas de cortes\u00edas, m\u00fasica, entre otras, ser\u00e1n las actividades que las familias meoquenses podr\u00e1n disfrutar en el festejo por el D\u00eda Internacional de la Familia que se llevar\u00e1 a cabo este domingo 5 de marzo en el Parque del DIF en punto de las 5:00 de la tarde, donde podr\u00e1n acceder sin ning\u00fan costo.<\/p>\n<p>&nbsp;<\/p>\n<p>\u201cPor indicaciones de la alcaldesa Miriam Soto nos pidi\u00f3 que la entrada sea totalmente gratuita, tendremos algunos juegos, regalos y din\u00e1micas para toda la familia, preparamos este festejo para todas las familias de Meoqui, esperamos que nos puedan acompa\u00f1ar\u201d, inform\u00f3 Luis Valles, director del DIF Municipal.<\/p>\n<p>&nbsp;<\/p>\n<p>Adem\u00e1s, comparti\u00f3 que este evento lo realizan en conjunto con el Consejo Municipal de la Juventud y con esto se sumaron al calendario organizado por On\u00e9ami del programa de la Semana de la Familia, en el que destacan m\u00faltiples eventos para conmemorar esta fecha.<\/p>\n","protected":false},"excerpt":{"rendered":"<p>La entrada ser\u00e1 totalmente gratuita a partir de las 5:00 PM &nbsp; Con show familiar, refrigerios, rifas de cortes\u00edas, m\u00fasica, entre otras, ser\u00e1n las actividades que las familias meoquenses podr\u00e1n disfrutar en el festejo por el D\u00eda Internacional de la Familia que se llevar\u00e1 a cabo este domingo 5 de marzo en el Parque del DIF en punto de las 5:00 de la tarde, donde podr\u00e1n acceder sin ning\u00fan costo. &nbsp; \u201cPor indicaciones de la alcaldesa Miriam Soto nos pidi\u00f3 que la entrada sea totalmente gratuita, tendremos algunos juegos, regalos y din\u00e1micas para toda la familia, preparamos este festejo para todas las familias de Meoqui, esperamos que nos puedan acompa\u00f1ar\u201d, inform\u00f3 Luis Valles, director del DIF Municipal. &nbsp; Adem\u00e1s, comparti\u00f3 que este evento lo realizan en conjunto con el Consejo Municipal de la Juventud y con esto se sumaron al calendario organizado por On\u00e9ami del programa de la Semana de la Familia, en el que destacan m\u00faltiples eventos para conmemorar esta fecha.<\/p>\n","protected":false},"author":2,"featured_media":795,"comment_status":"open","ping_status":"open","sticky":false,"template":"","format":"standard","meta":{"_monsterinsights_skip_tracking":false,"_monsterinsights_sitenote_active":false,"_monsterinsights_sitenote_note":"","_monsterinsights_sitenote_category":0,"advanced_seo_description":"","jetpack_seo_html_title":"","jetpack_seo_noindex":false,"_jetpack_memberships_contains_paid_content":false,"footnotes":"","jetpack_publicize_message":"","jetpack_publicize_feature_enabled":true,"jetpack_social_post_already_shared":true,"jetpack_social_options":{"image_generator_settings":{"template":"highway","enabled":false},"version":2}},"categories":[135,7,11],"tags":[],"class_list":["post-794","post","type-post","status-publish","format-standard","has-post-thumbnail","hentry","category-lo-mas-leido","category-local","category-principal"],"jetpack_publicize_connections":[],"jetpack_sharing_enabled":true,"jetpack_featured_media_url":"https:\/\/i0.wp.com\/alcierrenoticias.com\/wp-content\/uploads\/2023\/03\/WhatsApp-Image-2023-03-02-at-1.46.29-PM.jpeg?fit=1600%2C1066&ssl=1","amp_enabled":true,"_links":{"self":[{"href":"https:\/\/alcierrenoticias.com\/index.php\/wp-json\/wp\/v2\/posts\/794","targetHints":{"allow":["GET"]}}],"collection":[{"href":"https:\/\/alcierrenoticias.com\/index.php\/wp-json\/wp\/v2\/posts"}],"about":[{"href":"https:\/\/alcierrenoticias.com\/index.php\/wp-json\/wp\/v2\/types\/post"}],"author":[{"embeddable":true,"href":"https:\/\/alcierrenoticias.com\/index.php\/wp-json\/wp\/v2\/users\/2"}],"replies":[{"embeddable":true,"href":"https:\/\/alcierrenoticias.com\/index.php\/wp-json\/wp\/v2\/comments?post=794"}],"version-history":[{"count":1,"href":"https:\/\/alcierrenoticias.com\/index.php\/wp-json\/wp\/v2\/posts\/794\/revisions"}],"predecessor-version":[{"id":796,"href":"https:\/\/alcierrenoticias.com\/index.php\/wp-json\/wp\/v2\/posts\/794\/revisions\/796"}],"wp:featuredmedia":[{"embeddable":true,"href":"https:\/\/alcierrenoticias.com\/index.php\/wp-json\/wp\/v2\/media\/795"}],"wp:attachment":[{"href":"https:\/\/alcierrenoticias.com\/index.php\/wp-json\/wp\/v2\/media?parent=794"}],"wp:term":[{"taxonomy":"category","embeddable":true,"href":"https:\/\/alcierrenoticias.com\/index.php\/wp-json\/wp\/v2\/categories?post=794"},{"taxonomy":"post_tag","embeddable":true,"href":"https:\/\/alcierrenoticias.com\/index.php\/wp-json\/wp\/v2\/tags?post=794"}],"curies":[{"name":"wp","href":"https:\/\/api.w.org\/{rel}","templated":true}]}}