{"id":776,"date":"2023-03-01T19:34:32","date_gmt":"2023-03-02T02:34:32","guid":{"rendered":"https:\/\/alcierrenoticias.com\/?p=776"},"modified":"2023-03-01T19:34:32","modified_gmt":"2023-03-02T02:34:32","slug":"atiende-valenciano-a-mas-de-400-en-la-colonia-obrera","status":"publish","type":"post","link":"https:\/\/alcierrenoticias.com\/index.php\/2023\/03\/01\/atiende-valenciano-a-mas-de-400-en-la-colonia-obrera\/","title":{"rendered":"Atiende Valenciano a mas de 400 en la colonia obrera."},"content":{"rendered":"<p>Cerca de 400 personas acudieron al programa de Al Encuentro de Todos, llevado a cabo este martes en la colonia Obrera, para ser atendidos por el Alcalde Valenciano y dem\u00e1s funcionarios publicos, dispuestos a dar respuesta a cada una de las solicitudes.<\/p>\n<p>&nbsp;<\/p>\n<p>En el lugar, se ofrecieron consultas medicas, medicamento, ex\u00e1menes de la vista y dotaci\u00f3n de anteojos, con el programa de lentes para todos, adem\u00e1s se atendieron asuntos de mascotas como vacunaci\u00f3n y desparasitaci\u00f3n.<\/p>\n<p>&nbsp;<\/p>\n<p>&#8220;La \u00a0agenda entre semana no es suficiente para escuchar todas las peticiones, por lo que hemos decidio acercarnos a cada una de las colonias para atender a todos los ciudadanos&#8221; destac\u00f3 Valenciano Garc\u00eda, qui\u00e9n realiz\u00f3 algunas visitas de campo para ampliar la noci\u00f3n de algunas situaciones.<\/p>\n<p>&nbsp;<\/p>\n<p>Cabe destacar que se not\u00f3 la presencia de las sociedades de padres de varias escuelas, el patronato de la iglesia, el comit\u00e9 de vecinos, quienes para se\u00f1alaron sus proyectos registrados en el presupuesto participativo, entre otras necesidades m\u00e1s sentidas a las que Valenciano asign\u00f3 un plazo de 5 d\u00edas para su resoluci\u00f3n.<\/p>\n<p>&nbsp;<\/p>\n<p>Finalmente el Presidente Municipal, Valenciano Garc\u00eda, se\u00f1al\u00f3 que la din\u00e1mica del Presupuesto Participavo 2023, permitir\u00e1 tener acercamiento m\u00e1s real a las necesidades sociales de mayor prioridad, las cuales despu\u00e9s de someterse a votaci\u00f3n p\u00fablica, ser\u00e1n saldadas con un fondo de m\u00e1s de 22 mdp.<\/p>\n<p><img data-recalc-dims=\"1\" fetchpriority=\"high\" decoding=\"async\" class=\"alignnone size-medium wp-image-778\" src=\"https:\/\/i0.wp.com\/alcierrenoticias.com\/wp-content\/uploads\/2023\/03\/WhatsApp-Image-2023-03-01-at-4.16.07-PM-1.jpeg?resize=300%2C200&#038;ssl=1\" alt=\"\" width=\"300\" height=\"200\" srcset=\"https:\/\/i0.wp.com\/alcierrenoticias.com\/wp-content\/uploads\/2023\/03\/WhatsApp-Image-2023-03-01-at-4.16.07-PM-1.jpeg?resize=300%2C200&amp;ssl=1 300w, https:\/\/i0.wp.com\/alcierrenoticias.com\/wp-content\/uploads\/2023\/03\/WhatsApp-Image-2023-03-01-at-4.16.07-PM-1.jpeg?resize=768%2C512&amp;ssl=1 768w, https:\/\/i0.wp.com\/alcierrenoticias.com\/wp-content\/uploads\/2023\/03\/WhatsApp-Image-2023-03-01-at-4.16.07-PM-1.jpeg?w=1024&amp;ssl=1 1024w\" sizes=\"(max-width: 300px) 100vw, 300px\" \/><\/p>\n","protected":false},"excerpt":{"rendered":"<p>Cerca de 400 personas acudieron al programa de Al Encuentro de Todos, llevado a cabo este martes en la colonia Obrera, para ser atendidos por el Alcalde Valenciano y dem\u00e1s funcionarios publicos, dispuestos a dar respuesta a cada una de las solicitudes. &nbsp; En el lugar, se ofrecieron consultas medicas, medicamento, ex\u00e1menes de la vista y dotaci\u00f3n de anteojos, con el programa de lentes para todos, adem\u00e1s se atendieron asuntos de mascotas como vacunaci\u00f3n y desparasitaci\u00f3n. &nbsp; &#8220;La \u00a0agenda entre semana no es suficiente para escuchar todas las peticiones, por lo que hemos decidio acercarnos a cada una de las colonias para atender a todos los ciudadanos&#8221; destac\u00f3 Valenciano Garc\u00eda, qui\u00e9n realiz\u00f3 algunas visitas de campo para ampliar la noci\u00f3n de algunas situaciones. &nbsp; Cabe destacar que se not\u00f3 la presencia de las sociedades de padres de varias escuelas, el patronato de la iglesia, el comit\u00e9 de vecinos, quienes para se\u00f1alaron sus proyectos registrados en el presupuesto participativo, entre otras necesidades m\u00e1s sentidas a las que Valenciano asign\u00f3 un plazo de 5 d\u00edas para su resoluci\u00f3n. &nbsp; Finalmente el Presidente Municipal, Valenciano Garc\u00eda, se\u00f1al\u00f3 que la din\u00e1mica del Presupuesto Participavo 2023, permitir\u00e1 tener acercamiento m\u00e1s real a las necesidades sociales de mayor prioridad, las cuales despu\u00e9s de someterse a votaci\u00f3n p\u00fablica, ser\u00e1n saldadas con un fondo de m\u00e1s de 22 mdp.<\/p>\n","protected":false},"author":2,"featured_media":777,"comment_status":"open","ping_status":"open","sticky":false,"template":"","format":"standard","meta":{"_monsterinsights_skip_tracking":false,"_monsterinsights_sitenote_active":false,"_monsterinsights_sitenote_note":"","_monsterinsights_sitenote_category":0,"advanced_seo_description":"","jetpack_seo_html_title":"","jetpack_seo_noindex":false,"_jetpack_memberships_contains_paid_content":false,"footnotes":"","jetpack_publicize_message":"","jetpack_publicize_feature_enabled":true,"jetpack_social_post_already_shared":true,"jetpack_social_options":{"image_generator_settings":{"template":"highway","enabled":false},"version":2}},"categories":[135,7,11],"tags":[],"class_list":["post-776","post","type-post","status-publish","format-standard","has-post-thumbnail","hentry","category-lo-mas-leido","category-local","category-principal"],"jetpack_publicize_connections":[],"jetpack_sharing_enabled":true,"jetpack_featured_media_url":"https:\/\/i0.wp.com\/alcierrenoticias.com\/wp-content\/uploads\/2023\/03\/WhatsApp-Image-2023-03-01-at-4.16.07-PM.jpeg?fit=1024%2C620&ssl=1","amp_enabled":true,"_links":{"self":[{"href":"https:\/\/alcierrenoticias.com\/index.php\/wp-json\/wp\/v2\/posts\/776","targetHints":{"allow":["GET"]}}],"collection":[{"href":"https:\/\/alcierrenoticias.com\/index.php\/wp-json\/wp\/v2\/posts"}],"about":[{"href":"https:\/\/alcierrenoticias.com\/index.php\/wp-json\/wp\/v2\/types\/post"}],"author":[{"embeddable":true,"href":"https:\/\/alcierrenoticias.com\/index.php\/wp-json\/wp\/v2\/users\/2"}],"replies":[{"embeddable":true,"href":"https:\/\/alcierrenoticias.com\/index.php\/wp-json\/wp\/v2\/comments?post=776"}],"version-history":[{"count":2,"href":"https:\/\/alcierrenoticias.com\/index.php\/wp-json\/wp\/v2\/posts\/776\/revisions"}],"predecessor-version":[{"id":780,"href":"https:\/\/alcierrenoticias.com\/index.php\/wp-json\/wp\/v2\/posts\/776\/revisions\/780"}],"wp:featuredmedia":[{"embeddable":true,"href":"https:\/\/alcierrenoticias.com\/index.php\/wp-json\/wp\/v2\/media\/777"}],"wp:attachment":[{"href":"https:\/\/alcierrenoticias.com\/index.php\/wp-json\/wp\/v2\/media?parent=776"}],"wp:term":[{"taxonomy":"category","embeddable":true,"href":"https:\/\/alcierrenoticias.com\/index.php\/wp-json\/wp\/v2\/categories?post=776"},{"taxonomy":"post_tag","embeddable":true,"href":"https:\/\/alcierrenoticias.com\/index.php\/wp-json\/wp\/v2\/tags?post=776"}],"curies":[{"name":"wp","href":"https:\/\/api.w.org\/{rel}","templated":true}]}}