{"id":767,"date":"2023-03-01T13:38:57","date_gmt":"2023-03-01T20:38:57","guid":{"rendered":"https:\/\/alcierrenoticias.com\/?p=767"},"modified":"2023-03-01T13:38:57","modified_gmt":"2023-03-01T20:38:57","slug":"encabeza-fiscal-general-cesar-jauregui-inicio-de-operaciones-de-fiscalia-de-la-mujer-en-camargo","status":"publish","type":"post","link":"https:\/\/alcierrenoticias.com\/index.php\/2023\/03\/01\/encabeza-fiscal-general-cesar-jauregui-inicio-de-operaciones-de-fiscalia-de-la-mujer-en-camargo\/","title":{"rendered":"Encabeza Fiscal General C\u00e9sar J\u00e1uregui inicio de operaciones de Fiscal\u00eda de la Mujer en Camargo."},"content":{"rendered":"<p>Optimizar\u00e1 la atenci\u00f3n a mujeres, ni\u00f1as y adolescentes de la regi\u00f3n centro sur del Estado<\/p>\n<p>Con la finalidad de ampliar la cobertura y optimizar la investigaci\u00f3n de los delitos cometidos en agravio de mujeres, ni\u00f1as y adolescentes, la Fiscal\u00eda Especializada en Atenci\u00f3n a Mujeres V\u00edctimas del Delito por Razones de G\u00e9nero y la Familia, inici\u00f3 este d\u00eda operaciones en la ciudad de Camargo.<\/p>\n<p>La ceremonia fue encabezada por el Fiscal General del Estado, C\u00e9sar J\u00e1uregui Moreno, la titular de la FEM Wendy Paola Ch\u00e1vez Villanueva y el Fiscal de Distrito Zona Centro, Francisco Mart\u00ednez.<\/p>\n<p>El edificio cuenta con espacios de atenci\u00f3n y dispone de \u00e1reas administrativas, oficinas para agentes del Ministerio P\u00fablico e investigadores, en donde se ofrecer\u00e1 atenci\u00f3n integral.<\/p>\n<p>Durante la inauguraci\u00f3n del edificio, el Fiscal General C\u00e9sar\u00a0J\u00e1uregui Moreno, enfatiz\u00f3 en la prioridad que tiene para la Gobernadora Maru Campos, garantizar el acceso a la justicia a las mujeres y ni\u00f1as.<\/p>\n<p>A su vez, la Fiscal Especializada, Wendy Ch\u00e1vez, celebr\u00f3 que en el marco del onceavo aniversario de la FEM, se cuente con un lugar que brinde mayor capacidad operativa.<\/p>\n<p>El acto fue acompa\u00f1ado por el presidente municipal de Camargo, Jorge Aldana, quien reconoci\u00f3 la coordinaci\u00f3n entre Municipio, Gobierno del Estado, a trav\u00e9s de la Fiscal\u00eda General y la FEM, para trabajar coordinadamente a fin de que las mujeres cuenten con un espacio para ser atendidas y denunciar delitos.<\/p>\n<p>El edificio es resultado de la suma de esfuerzos en apego a la protecci\u00f3n integral y garant\u00eda del ejercicio de los derechos humanos de las mujeres y el acceso a una vida libre de violencia.<\/p>\n<p>De esta manera, se fortalece la protecci\u00f3n, investigaci\u00f3n y acceso a la justicia para las ni\u00f1as, adolescentes y mujeres v\u00edctimas de violencia de g\u00e9nero en la zona centro sur del estado.<\/p>\n<p>En el evento tambi\u00e9n estuvieron presentes el diputado local Luis Aguilar; la Directora del Instituto Camarguense de las Mujeres, Gabriela Terrazas \u00c1lvarez, el coordinador de la Fiscal\u00eda en el municipio de Camargo, Francisco Arizpe, as\u00ed como el coordinador de Ministerios P\u00fablicos de Camargo, Ricardo Miranda.<\/p>\n","protected":false},"excerpt":{"rendered":"<p>Optimizar\u00e1 la atenci\u00f3n a mujeres, ni\u00f1as y adolescentes de la regi\u00f3n centro sur del Estado Con la finalidad de ampliar la cobertura y optimizar la investigaci\u00f3n de los delitos cometidos en agravio de mujeres, ni\u00f1as y adolescentes, la Fiscal\u00eda Especializada en Atenci\u00f3n a Mujeres V\u00edctimas del Delito por Razones de G\u00e9nero y la Familia, inici\u00f3 este d\u00eda operaciones en la ciudad de Camargo. La ceremonia fue encabezada por el Fiscal General del Estado, C\u00e9sar J\u00e1uregui Moreno, la titular de la FEM Wendy Paola Ch\u00e1vez Villanueva y el Fiscal de Distrito Zona Centro, Francisco Mart\u00ednez. El edificio cuenta con espacios de atenci\u00f3n y dispone de \u00e1reas administrativas, oficinas para agentes del Ministerio P\u00fablico e investigadores, en donde se ofrecer\u00e1 atenci\u00f3n integral. Durante la inauguraci\u00f3n del edificio, el Fiscal General C\u00e9sar\u00a0J\u00e1uregui Moreno, enfatiz\u00f3 en la prioridad que tiene para la Gobernadora Maru Campos, garantizar el acceso a la justicia a las mujeres y ni\u00f1as. A su vez, la Fiscal Especializada, Wendy Ch\u00e1vez, celebr\u00f3 que en el marco del onceavo aniversario de la FEM, se cuente con un lugar que brinde mayor capacidad operativa. El acto fue acompa\u00f1ado por el presidente municipal de Camargo, Jorge Aldana, quien reconoci\u00f3 la coordinaci\u00f3n entre Municipio, Gobierno del Estado, a trav\u00e9s de la Fiscal\u00eda General y la FEM, para trabajar coordinadamente a fin de que las mujeres cuenten con un espacio para ser atendidas y denunciar delitos. El edificio es resultado de la suma de esfuerzos en apego a la protecci\u00f3n integral y garant\u00eda del ejercicio de los derechos humanos de las mujeres y el acceso a una vida libre de violencia. De esta manera, se fortalece la protecci\u00f3n, investigaci\u00f3n y acceso a la justicia para las ni\u00f1as, adolescentes y mujeres v\u00edctimas de violencia de g\u00e9nero en la zona centro sur del estado. En el evento tambi\u00e9n estuvieron presentes el diputado local Luis Aguilar; la Directora del Instituto Camarguense de las Mujeres, Gabriela Terrazas \u00c1lvarez, el coordinador de la Fiscal\u00eda en el municipio de Camargo, Francisco Arizpe, as\u00ed como el coordinador de Ministerios P\u00fablicos de Camargo, Ricardo Miranda.<\/p>\n","protected":false},"author":2,"featured_media":768,"comment_status":"open","ping_status":"open","sticky":false,"template":"","format":"standard","meta":{"_monsterinsights_skip_tracking":false,"_monsterinsights_sitenote_active":false,"_monsterinsights_sitenote_note":"","_monsterinsights_sitenote_category":0,"advanced_seo_description":"","jetpack_seo_html_title":"","jetpack_seo_noindex":false,"_jetpack_memberships_contains_paid_content":false,"footnotes":"","jetpack_publicize_message":"","jetpack_publicize_feature_enabled":true,"jetpack_social_post_already_shared":true,"jetpack_social_options":{"image_generator_settings":{"template":"highway","enabled":false},"version":2}},"categories":[8,135,11],"tags":[],"class_list":["post-767","post","type-post","status-publish","format-standard","has-post-thumbnail","hentry","category-estado","category-lo-mas-leido","category-principal"],"jetpack_publicize_connections":[],"jetpack_sharing_enabled":true,"jetpack_featured_media_url":"https:\/\/i0.wp.com\/alcierrenoticias.com\/wp-content\/uploads\/2023\/03\/WhatsApp-Image-2023-03-01-at-2.20.18-PM.jpeg?fit=1600%2C1200&ssl=1","amp_enabled":true,"_links":{"self":[{"href":"https:\/\/alcierrenoticias.com\/index.php\/wp-json\/wp\/v2\/posts\/767","targetHints":{"allow":["GET"]}}],"collection":[{"href":"https:\/\/alcierrenoticias.com\/index.php\/wp-json\/wp\/v2\/posts"}],"about":[{"href":"https:\/\/alcierrenoticias.com\/index.php\/wp-json\/wp\/v2\/types\/post"}],"author":[{"embeddable":true,"href":"https:\/\/alcierrenoticias.com\/index.php\/wp-json\/wp\/v2\/users\/2"}],"replies":[{"embeddable":true,"href":"https:\/\/alcierrenoticias.com\/index.php\/wp-json\/wp\/v2\/comments?post=767"}],"version-history":[{"count":1,"href":"https:\/\/alcierrenoticias.com\/index.php\/wp-json\/wp\/v2\/posts\/767\/revisions"}],"predecessor-version":[{"id":769,"href":"https:\/\/alcierrenoticias.com\/index.php\/wp-json\/wp\/v2\/posts\/767\/revisions\/769"}],"wp:featuredmedia":[{"embeddable":true,"href":"https:\/\/alcierrenoticias.com\/index.php\/wp-json\/wp\/v2\/media\/768"}],"wp:attachment":[{"href":"https:\/\/alcierrenoticias.com\/index.php\/wp-json\/wp\/v2\/media?parent=767"}],"wp:term":[{"taxonomy":"category","embeddable":true,"href":"https:\/\/alcierrenoticias.com\/index.php\/wp-json\/wp\/v2\/categories?post=767"},{"taxonomy":"post_tag","embeddable":true,"href":"https:\/\/alcierrenoticias.com\/index.php\/wp-json\/wp\/v2\/tags?post=767"}],"curies":[{"name":"wp","href":"https:\/\/api.w.org\/{rel}","templated":true}]}}