{"id":7413,"date":"2024-02-22T00:33:30","date_gmt":"2024-02-22T07:33:30","guid":{"rendered":"https:\/\/alcierrenoticias.com\/?p=7413"},"modified":"2024-02-22T00:33:30","modified_gmt":"2024-02-22T07:33:30","slug":"aide-lopez-de-anda-da-inicio-a-la-rehabilitacion-de-carpeta-asfaltica-en-calle-guerrero","status":"publish","type":"post","link":"https:\/\/alcierrenoticias.com\/index.php\/2024\/02\/22\/aide-lopez-de-anda-da-inicio-a-la-rehabilitacion-de-carpeta-asfaltica-en-calle-guerrero\/","title":{"rendered":"Aid\u00e9 L\u00f3pez De Anda da inicio a la rehabilitaci\u00f3n de carpeta asf\u00e1ltica en calle Guerrero."},"content":{"rendered":"<p>En un acto oficial que cont\u00f3 con la presencia de autoridades locales y residentes, la alcaldesa de Saucillo, Aid\u00e9 L\u00f3pez De Anda, acompa\u00f1ada del director de Obras P\u00fablicas el Ing. Jos\u00e9 Alberto G\u00f3mez Carnero, dio el arranque oficial a la esperada obra de rehabilitaci\u00f3n de carpeta asf\u00e1ltica en la calle Guerrero, comprendida entre la Av. Doceava y la A. Quinta, en la colonia Centro de Saucillo.<\/p>\n<p>Los trabajos, que abarcan una de las vialidades m\u00e1s transitadas del municipio, tienen como objetivo mejorar la infraestructura vial y brindar a los ciudadanos una mayor seguridad y comodidad al transitar por esta importante arteria. La inversi\u00f3n total destinada para la obra asciende a la cantidad de $3,187,089.75.<\/p>\n<p>El proyecto de rehabilitaci\u00f3n incluir\u00e1 diversas etapas, comenzando con el barrido y limpieza de la superficie para el retiro de material suelto. Seguidamente, se llevar\u00e1 a cabo el fresado de la carpeta asf\u00e1ltica existente, preparando as\u00ed la base para la aplicaci\u00f3n de nuevos materiales.<\/p>\n<p>La renivelaci\u00f3n se realizar\u00e1 mediante el suministro y colocaci\u00f3n de mezcla asf\u00e1ltica de materiales calizos triturados. Adem\u00e1s, se aplicar\u00e1 emulsi\u00f3n asf\u00e1ltica para el riego de impregnaci\u00f3n y para el riego de liga, garantizando una adherencia adecuada de los nuevos materiales.<\/p>\n<p>La carpeta asf\u00e1ltica, con un espesor de 3 cent\u00edmetros, ser\u00e1 colocada para proporcionar una superficie resistente y duradera. La intervenci\u00f3n concluir\u00e1 con la instalaci\u00f3n de se\u00f1ales restrictivas y la pintura de tr\u00e1fico en guarniciones y carriles, contribuyendo as\u00ed a una circulaci\u00f3n m\u00e1s ordenada y segura.<\/p>\n<p>La magnitud de esta obra no solo radica en la mejora de la infraestructura vial, sino tambi\u00e9n en su impacto directo en la calidad de vida de m\u00e1s de 10,000 habitantes que se ver\u00e1n beneficiados por estos trabajos. La calle Guerrero, al ser una de las principales arterias de Saucillo, desempe\u00f1a un papel fundamental en la movilidad de la comunidad.<\/p>\n<p>La alcaldesa Aid\u00e9 L\u00f3pez De Anda expres\u00f3 su compromiso con el bienestar de los ciudadanos y destac\u00f3 la importancia de esta obra para el desarrollo y progreso del municipio. Asimismo, agradeci\u00f3 a la comunidad por su paciencia y colaboraci\u00f3n durante la ejecuci\u00f3n de la obra, solicitando comprensi\u00f3n ante las posibles molestias temporales que puedan surgir. Con el arranque oficial de la Rehabilitaci\u00f3n de Carpeta Asf\u00e1ltica en la calle Guerrero, Saucillo avanza hacia una infraestructura vial moderna y eficiente que beneficia a todos sus habitantes.<\/p>\n","protected":false},"excerpt":{"rendered":"<p>En un acto oficial que cont\u00f3 con la presencia de autoridades locales y residentes, la alcaldesa de Saucillo, Aid\u00e9 L\u00f3pez De Anda, acompa\u00f1ada del director de Obras P\u00fablicas el Ing. Jos\u00e9 Alberto G\u00f3mez Carnero, dio el arranque oficial a la esperada obra de rehabilitaci\u00f3n de carpeta asf\u00e1ltica en la calle Guerrero, comprendida entre la Av. Doceava y la A. Quinta, en la colonia Centro de Saucillo. Los trabajos, que abarcan una de las vialidades m\u00e1s transitadas del municipio, tienen como objetivo mejorar la infraestructura vial y brindar a los ciudadanos una mayor seguridad y comodidad al transitar por esta importante arteria. La inversi\u00f3n total destinada para la obra asciende a la cantidad de $3,187,089.75. El proyecto de rehabilitaci\u00f3n incluir\u00e1 diversas etapas, comenzando con el barrido y limpieza de la superficie para el retiro de material suelto. Seguidamente, se llevar\u00e1 a cabo el fresado de la carpeta asf\u00e1ltica existente, preparando as\u00ed la base para la aplicaci\u00f3n de nuevos materiales. La renivelaci\u00f3n se realizar\u00e1 mediante el suministro y colocaci\u00f3n de mezcla asf\u00e1ltica de materiales calizos triturados. Adem\u00e1s, se aplicar\u00e1 emulsi\u00f3n asf\u00e1ltica para el riego de impregnaci\u00f3n y para el riego de liga, garantizando una adherencia adecuada de los nuevos materiales. La carpeta asf\u00e1ltica, con un espesor de 3 cent\u00edmetros, ser\u00e1 colocada para proporcionar una superficie resistente y duradera. La intervenci\u00f3n concluir\u00e1 con la instalaci\u00f3n de se\u00f1ales restrictivas y la pintura de tr\u00e1fico en guarniciones y carriles, contribuyendo as\u00ed a una circulaci\u00f3n m\u00e1s ordenada y segura. La magnitud de esta obra no solo radica en la mejora de la infraestructura vial, sino tambi\u00e9n en su impacto directo en la calidad de vida de m\u00e1s de 10,000 habitantes que se ver\u00e1n beneficiados por estos trabajos. La calle Guerrero, al ser una de las principales arterias de Saucillo, desempe\u00f1a un papel fundamental en la movilidad de la comunidad. La alcaldesa Aid\u00e9 L\u00f3pez De Anda expres\u00f3 su compromiso con el bienestar de los ciudadanos y destac\u00f3 la importancia de esta obra para el desarrollo y progreso del municipio. Asimismo, agradeci\u00f3 a la comunidad por su paciencia y colaboraci\u00f3n durante la ejecuci\u00f3n de la obra, solicitando comprensi\u00f3n ante las posibles molestias temporales que puedan surgir. Con el arranque oficial de la Rehabilitaci\u00f3n de Carpeta Asf\u00e1ltica en la calle Guerrero, Saucillo avanza hacia una infraestructura vial moderna y eficiente que beneficia a todos sus habitantes.<\/p>\n","protected":false},"author":2,"featured_media":7414,"comment_status":"open","ping_status":"open","sticky":false,"template":"","format":"standard","meta":{"_monsterinsights_skip_tracking":false,"_monsterinsights_sitenote_active":false,"_monsterinsights_sitenote_note":"","_monsterinsights_sitenote_category":0,"advanced_seo_description":"","jetpack_seo_html_title":"","jetpack_seo_noindex":false,"_jetpack_memberships_contains_paid_content":false,"footnotes":"","jetpack_publicize_message":"","jetpack_publicize_feature_enabled":true,"jetpack_social_post_already_shared":true,"jetpack_social_options":{"image_generator_settings":{"template":"highway","enabled":false},"version":2}},"categories":[135,7,11],"tags":[],"class_list":["post-7413","post","type-post","status-publish","format-standard","has-post-thumbnail","hentry","category-lo-mas-leido","category-local","category-principal"],"jetpack_publicize_connections":[],"jetpack_sharing_enabled":true,"jetpack_featured_media_url":"https:\/\/i0.wp.com\/alcierrenoticias.com\/wp-content\/uploads\/2024\/02\/WhatsApp-Image-2024-02-21-at-1.10.03-PM.jpeg?fit=1280%2C853&ssl=1","amp_enabled":true,"_links":{"self":[{"href":"https:\/\/alcierrenoticias.com\/index.php\/wp-json\/wp\/v2\/posts\/7413","targetHints":{"allow":["GET"]}}],"collection":[{"href":"https:\/\/alcierrenoticias.com\/index.php\/wp-json\/wp\/v2\/posts"}],"about":[{"href":"https:\/\/alcierrenoticias.com\/index.php\/wp-json\/wp\/v2\/types\/post"}],"author":[{"embeddable":true,"href":"https:\/\/alcierrenoticias.com\/index.php\/wp-json\/wp\/v2\/users\/2"}],"replies":[{"embeddable":true,"href":"https:\/\/alcierrenoticias.com\/index.php\/wp-json\/wp\/v2\/comments?post=7413"}],"version-history":[{"count":1,"href":"https:\/\/alcierrenoticias.com\/index.php\/wp-json\/wp\/v2\/posts\/7413\/revisions"}],"predecessor-version":[{"id":7415,"href":"https:\/\/alcierrenoticias.com\/index.php\/wp-json\/wp\/v2\/posts\/7413\/revisions\/7415"}],"wp:featuredmedia":[{"embeddable":true,"href":"https:\/\/alcierrenoticias.com\/index.php\/wp-json\/wp\/v2\/media\/7414"}],"wp:attachment":[{"href":"https:\/\/alcierrenoticias.com\/index.php\/wp-json\/wp\/v2\/media?parent=7413"}],"wp:term":[{"taxonomy":"category","embeddable":true,"href":"https:\/\/alcierrenoticias.com\/index.php\/wp-json\/wp\/v2\/categories?post=7413"},{"taxonomy":"post_tag","embeddable":true,"href":"https:\/\/alcierrenoticias.com\/index.php\/wp-json\/wp\/v2\/tags?post=7413"}],"curies":[{"name":"wp","href":"https:\/\/api.w.org\/{rel}","templated":true}]}}