{"id":7238,"date":"2024-02-06T22:36:38","date_gmt":"2024-02-07T05:36:38","guid":{"rendered":"https:\/\/alcierrenoticias.com\/?p=7238"},"modified":"2024-02-06T22:36:45","modified_gmt":"2024-02-07T05:36:45","slug":"trabajan-miriam-soto-y-grupos-de-la-tercera-edad-en-proyecto-de-la-casa-del-abuelo","status":"publish","type":"post","link":"https:\/\/alcierrenoticias.com\/index.php\/2024\/02\/06\/trabajan-miriam-soto-y-grupos-de-la-tercera-edad-en-proyecto-de-la-casa-del-abuelo\/","title":{"rendered":"Trabajan Miriam Soto y Grupos de la Tercera Edad en Proyecto de \u201cLa Casa del Abuelo\u201d."},"content":{"rendered":"<p>Adem\u00e1s, se les brindar\u00e1 asesor\u00eda para conformarse como Asociaci\u00f3n Civil y acceder a distintos apoyos<\/p>\n<p>La alcaldesa Miriam Soto visit\u00f3 a los grupos de la tercera edad &#8220;Renovaci\u00f3n&#8221; e &#8220;Innovaci\u00f3n&#8221; del seccional de L\u00e1zaro C\u00e1rdenas, donde se llegaron a varios acuerdos para trabajar en un proyecto conocido como \u201cLa Casa del Abuelo\u201d.<\/p>\n<p>\u201cAhorita estamos arrastrando el l\u00e1piz y la idea es tambi\u00e9n ayudarlos, darles seguimiento para que se puedan protocolizar como asociaciones civiles para que esto tambi\u00e9n permita una mayor formalidad al grupo y que puedan tambi\u00e9n tocar diferentes puertas en diferentes instancias gubernamentales y no gubernamentales\u201d, coment\u00f3 la alcaldesa.<\/p>\n<p>Por \u00faltimo, la alcaldesa agreg\u00f3 que estas reuniones se realizan de manera semanal, donde el DIF Municipal, brinda una pl\u00e1tica sobre la salud mental, manteniendo esa cercan\u00eda con los grupos de la tercera edad.<\/p>\n","protected":false},"excerpt":{"rendered":"<p>Adem\u00e1s, se les brindar\u00e1 asesor\u00eda para conformarse como Asociaci\u00f3n Civil y acceder a distintos apoyos La alcaldesa Miriam Soto visit\u00f3 a los grupos de la tercera edad &#8220;Renovaci\u00f3n&#8221; e &#8220;Innovaci\u00f3n&#8221; del seccional de L\u00e1zaro C\u00e1rdenas, donde se llegaron a varios acuerdos para trabajar en un proyecto conocido como \u201cLa Casa del Abuelo\u201d. \u201cAhorita estamos arrastrando el l\u00e1piz y la idea es tambi\u00e9n ayudarlos, darles seguimiento para que se puedan protocolizar como asociaciones civiles para que esto tambi\u00e9n permita una mayor formalidad al grupo y que puedan tambi\u00e9n tocar diferentes puertas en diferentes instancias gubernamentales y no gubernamentales\u201d, coment\u00f3 la alcaldesa. Por \u00faltimo, la alcaldesa agreg\u00f3 que estas reuniones se realizan de manera semanal, donde el DIF Municipal, brinda una pl\u00e1tica sobre la salud mental, manteniendo esa cercan\u00eda con los grupos de la tercera edad.<\/p>\n","protected":false},"author":2,"featured_media":7239,"comment_status":"open","ping_status":"open","sticky":false,"template":"","format":"standard","meta":{"_monsterinsights_skip_tracking":false,"_monsterinsights_sitenote_active":false,"_monsterinsights_sitenote_note":"","_monsterinsights_sitenote_category":0,"advanced_seo_description":"","jetpack_seo_html_title":"","jetpack_seo_noindex":false,"_jetpack_memberships_contains_paid_content":false,"footnotes":"","jetpack_publicize_message":"","jetpack_publicize_feature_enabled":true,"jetpack_social_post_already_shared":true,"jetpack_social_options":{"image_generator_settings":{"template":"highway","enabled":false},"version":2}},"categories":[135,7,11],"tags":[],"class_list":["post-7238","post","type-post","status-publish","format-standard","has-post-thumbnail","hentry","category-lo-mas-leido","category-local","category-principal"],"jetpack_publicize_connections":[],"jetpack_sharing_enabled":true,"jetpack_featured_media_url":"https:\/\/i0.wp.com\/alcierrenoticias.com\/wp-content\/uploads\/2024\/02\/WhatsApp-Image-2024-02-06-at-6.39.56-PM.jpeg?fit=1280%2C853&ssl=1","amp_enabled":true,"_links":{"self":[{"href":"https:\/\/alcierrenoticias.com\/index.php\/wp-json\/wp\/v2\/posts\/7238","targetHints":{"allow":["GET"]}}],"collection":[{"href":"https:\/\/alcierrenoticias.com\/index.php\/wp-json\/wp\/v2\/posts"}],"about":[{"href":"https:\/\/alcierrenoticias.com\/index.php\/wp-json\/wp\/v2\/types\/post"}],"author":[{"embeddable":true,"href":"https:\/\/alcierrenoticias.com\/index.php\/wp-json\/wp\/v2\/users\/2"}],"replies":[{"embeddable":true,"href":"https:\/\/alcierrenoticias.com\/index.php\/wp-json\/wp\/v2\/comments?post=7238"}],"version-history":[{"count":1,"href":"https:\/\/alcierrenoticias.com\/index.php\/wp-json\/wp\/v2\/posts\/7238\/revisions"}],"predecessor-version":[{"id":7240,"href":"https:\/\/alcierrenoticias.com\/index.php\/wp-json\/wp\/v2\/posts\/7238\/revisions\/7240"}],"wp:featuredmedia":[{"embeddable":true,"href":"https:\/\/alcierrenoticias.com\/index.php\/wp-json\/wp\/v2\/media\/7239"}],"wp:attachment":[{"href":"https:\/\/alcierrenoticias.com\/index.php\/wp-json\/wp\/v2\/media?parent=7238"}],"wp:term":[{"taxonomy":"category","embeddable":true,"href":"https:\/\/alcierrenoticias.com\/index.php\/wp-json\/wp\/v2\/categories?post=7238"},{"taxonomy":"post_tag","embeddable":true,"href":"https:\/\/alcierrenoticias.com\/index.php\/wp-json\/wp\/v2\/tags?post=7238"}],"curies":[{"name":"wp","href":"https:\/\/api.w.org\/{rel}","templated":true}]}}