{"id":71,"date":"2022-05-15T01:51:32","date_gmt":"2022-05-15T01:51:32","guid":{"rendered":"https:\/\/alcierrenoticias.com\/?p=71"},"modified":"2022-05-15T01:51:32","modified_gmt":"2022-05-15T01:51:32","slug":"participan-13-empresas-en-la-1a-feria-del-empleo-en-meoqui","status":"publish","type":"post","link":"https:\/\/alcierrenoticias.com\/index.php\/2022\/05\/15\/participan-13-empresas-en-la-1a-feria-del-empleo-en-meoqui\/","title":{"rendered":"Participan 13 empresas en la 1\u00aa. Feria del Empleo en Meoqui"},"content":{"rendered":"<p>Ofertaron m\u00e1s de 300 vacantes y se recibieron 100 solicitudes, el Sistema Municipal de Empleo dar\u00e1 seguimiento a este programa fortaleciendo con\u00a0ello la\u00a0econom\u00eda familiar de la regi\u00f3n<\/p>\n<p>\u201cEstamos entrando con todo a la reactivaci\u00f3n econ\u00f3mica del municipio y me da mucho orgullo poder decir que en Meoqui se han instalado nuevas empresas que dejan una derrama econ\u00f3mica importante y adem\u00e1s son fuentes de empleo y con esta 1\u00aa. Feria del Empleo con 300 vacantes de diferentes empresas, se pueda tener la oportunidad de llevar el sustento a casa\u201d, dijo la alcaldesa Miriam Soto al inaugurar el arranque de la feria, a la cual se le dar\u00e1 seguimiento con el Sistema Municipal de Empleo a cargo de la Direcci\u00f3n de Desarrollo Econ\u00f3mico y Turismo Municipal.<\/p>\n<p>&nbsp;<\/p>\n<p>Por su parte, Alan Mata Morales, director de Desarrollo Econ\u00f3mico y Turismo inform\u00f3 que fueron 100 solicitudes aproximadamente las que se entregaron a las diferentes empresas y que la puerta seguir\u00e1 abierta para quienes buscan trabajo, por lo que podr\u00e1 dirigirse a esta Direcci\u00f3n municipal a realizar su tr\u00e1mite, mediante el Sistema Municipal de Empleo.<\/p>\n<p>&nbsp;<\/p>\n<p>La alcaldesa Miriam Soto destac\u00f3 que se seguir\u00e1 trabajando para traer m\u00e1s oportunidades para las familias, para que tengan una mejor calidad de vida, logrando as\u00ed poder cubrir sus necesidades; asimismo, agradeci\u00f3 a empresarios, comerciantes y a los emprendedores de quienes dijo, son aliados estrat\u00e9gicos para que la econom\u00eda del municipio y de sus habitantes se sigan fortaleciendo.<\/p>\n<p>&nbsp;<\/p>\n<p>Empresas como Heineken, Refrescos Uni\u00f3n, Lear\u00a0Corporation, Coppel, Al\u00a0Super, Lalo Muebler\u00eda, Aceites y Combustibles,\u00a0Ichisa, Maxi Materiales, Caja Popular Mexicana,\u00a0Cercop,\u00a0Kavia\u00a0Hotels\u00a0en Suites e Ingenio colocaron desde temprana hora sus stands de informaci\u00f3n, llev\u00e1ndose todas, al final del d\u00eda, solicitudes de empleo.<\/p>\n<p>&nbsp;<\/p>\n<p>Concluy\u00f3 la alcaldesa diciendo que es el comienzo de muchas Ferias del Empleo m\u00e1s, porque esto fortalece el progreso de Meoqui y la regi\u00f3n.<\/p>\n<div class=\"newspaper-x-tags\"><strong>ETIQUETAS: <\/strong><span><a href=\"https:\/\/alcierrenoticias.com\/index.php\/tag\/al-cierre-noticias\/\" rel=\"tag\">Al Cierre Noticias<\/a><\/span><a href=\"https:\/\/alcierrenoticias.com\/index.php\/tag\/meoqui\/\" rel=\"tag\">Meoqui<\/a><\/span><a href=\"https:\/\/alcierrenoticias.com\/index.php\/tag\/miriam-soto\/\" rel=\"tag\">Miriam Soto<\/a><\/span><a href=\"https:\/\/alcierrenoticias.com\/index.php\/tag\/noticias\/\" rel=\"tag\">Noticias<\/a> <\/div>\n","protected":false},"excerpt":{"rendered":"<p>Ofertaron m\u00e1s de 300 vacantes y se recibieron 100 solicitudes, el Sistema Municipal de Empleo dar\u00e1 seguimiento a este programa fortaleciendo con\u00a0ello la\u00a0econom\u00eda familiar de la regi\u00f3n \u201cEstamos entrando con todo a la reactivaci\u00f3n econ\u00f3mica del municipio y me da mucho orgullo poder decir que en Meoqui se han instalado nuevas empresas que dejan una derrama econ\u00f3mica importante y adem\u00e1s son fuentes de empleo y con esta 1\u00aa. Feria del Empleo con 300 vacantes de diferentes empresas, se pueda tener la oportunidad de llevar el sustento a casa\u201d, dijo la alcaldesa Miriam Soto al inaugurar el arranque de la feria, a la cual se le dar\u00e1 seguimiento con el Sistema Municipal de Empleo a cargo de la Direcci\u00f3n de Desarrollo Econ\u00f3mico y Turismo Municipal. &nbsp; Por su parte, Alan Mata Morales, director de Desarrollo Econ\u00f3mico y Turismo inform\u00f3 que fueron 100 solicitudes aproximadamente las que se entregaron a las diferentes empresas y que la puerta seguir\u00e1 abierta para quienes buscan trabajo, por lo que podr\u00e1 dirigirse a esta Direcci\u00f3n municipal a realizar su tr\u00e1mite, mediante el Sistema Municipal de Empleo. &nbsp; La alcaldesa Miriam Soto destac\u00f3 que se seguir\u00e1 trabajando para traer m\u00e1s oportunidades para las familias, para que tengan una mejor calidad de vida, logrando as\u00ed poder cubrir sus necesidades; asimismo, agradeci\u00f3 a empresarios, comerciantes y a los emprendedores de quienes dijo, son aliados estrat\u00e9gicos para que la econom\u00eda del municipio y de sus habitantes se sigan fortaleciendo. &nbsp; Empresas como Heineken, Refrescos Uni\u00f3n, Lear\u00a0Corporation, Coppel, Al\u00a0Super, Lalo Muebler\u00eda, Aceites y Combustibles,\u00a0Ichisa, Maxi Materiales, Caja Popular Mexicana,\u00a0Cercop,\u00a0Kavia\u00a0Hotels\u00a0en Suites e Ingenio colocaron desde temprana hora sus stands de informaci\u00f3n, llev\u00e1ndose todas, al final del d\u00eda, solicitudes de empleo. &nbsp; Concluy\u00f3 la alcaldesa diciendo que es el comienzo de muchas Ferias del Empleo m\u00e1s, porque esto fortalece el progreso de Meoqui y la regi\u00f3n. ETIQUETAS: Al Cierre NoticiasMeoquiMiriam SotoNoticias<\/p>\n","protected":false},"author":1,"featured_media":72,"comment_status":"open","ping_status":"open","sticky":false,"template":"","format":"standard","meta":{"_monsterinsights_skip_tracking":false,"_monsterinsights_sitenote_active":false,"_monsterinsights_sitenote_note":"","_monsterinsights_sitenote_category":0,"advanced_seo_description":"","jetpack_seo_html_title":"","jetpack_seo_noindex":false,"_jetpack_memberships_contains_paid_content":false,"footnotes":"","jetpack_publicize_message":"","jetpack_publicize_feature_enabled":true,"jetpack_social_post_already_shared":false,"jetpack_social_options":{"image_generator_settings":{"template":"highway","enabled":false},"version":2}},"categories":[7],"tags":[14,20,21,19],"class_list":["post-71","post","type-post","status-publish","format-standard","has-post-thumbnail","hentry","category-local","tag-al-cierre-noticias","tag-meoqui","tag-miriam-soto","tag-noticias"],"jetpack_publicize_connections":[],"jetpack_sharing_enabled":true,"jetpack_featured_media_url":"https:\/\/i0.wp.com\/alcierrenoticias.com\/wp-content\/uploads\/2022\/05\/imagen_2022-05-14_185105378.png?fit=1280%2C853&ssl=1","amp_enabled":true,"_links":{"self":[{"href":"https:\/\/alcierrenoticias.com\/index.php\/wp-json\/wp\/v2\/posts\/71","targetHints":{"allow":["GET"]}}],"collection":[{"href":"https:\/\/alcierrenoticias.com\/index.php\/wp-json\/wp\/v2\/posts"}],"about":[{"href":"https:\/\/alcierrenoticias.com\/index.php\/wp-json\/wp\/v2\/types\/post"}],"author":[{"embeddable":true,"href":"https:\/\/alcierrenoticias.com\/index.php\/wp-json\/wp\/v2\/users\/1"}],"replies":[{"embeddable":true,"href":"https:\/\/alcierrenoticias.com\/index.php\/wp-json\/wp\/v2\/comments?post=71"}],"version-history":[{"count":1,"href":"https:\/\/alcierrenoticias.com\/index.php\/wp-json\/wp\/v2\/posts\/71\/revisions"}],"predecessor-version":[{"id":73,"href":"https:\/\/alcierrenoticias.com\/index.php\/wp-json\/wp\/v2\/posts\/71\/revisions\/73"}],"wp:featuredmedia":[{"embeddable":true,"href":"https:\/\/alcierrenoticias.com\/index.php\/wp-json\/wp\/v2\/media\/72"}],"wp:attachment":[{"href":"https:\/\/alcierrenoticias.com\/index.php\/wp-json\/wp\/v2\/media?parent=71"}],"wp:term":[{"taxonomy":"category","embeddable":true,"href":"https:\/\/alcierrenoticias.com\/index.php\/wp-json\/wp\/v2\/categories?post=71"},{"taxonomy":"post_tag","embeddable":true,"href":"https:\/\/alcierrenoticias.com\/index.php\/wp-json\/wp\/v2\/tags?post=71"}],"curies":[{"name":"wp","href":"https:\/\/api.w.org\/{rel}","templated":true}]}}