{"id":596,"date":"2023-02-21T11:14:16","date_gmt":"2023-02-21T18:14:16","guid":{"rendered":"https:\/\/alcierrenoticias.com\/?p=596"},"modified":"2023-02-21T11:14:16","modified_gmt":"2023-02-21T18:14:16","slug":"combatiran-en-meoqui-rezago-educativo-en-nivel-primaria-mediante-asesorias-gratuitas","status":"publish","type":"post","link":"https:\/\/alcierrenoticias.com\/index.php\/2023\/02\/21\/combatiran-en-meoqui-rezago-educativo-en-nivel-primaria-mediante-asesorias-gratuitas\/","title":{"rendered":"Combatir\u00e1n en Meoqui rezago educativo en nivel primaria mediante asesor\u00edas gratuitas."},"content":{"rendered":"<p><em>Alrededor de 100 alumnos se han beneficiado con el programa \u201cAprendamos Todos\u201d en colaboraci\u00f3n con la Universidad Vizcaya<\/em><\/p>\n<p>&nbsp;<\/p>\n<p>Con el objetivo de abatir el rezago educativo y mejorar el desarrollo integral de los ni\u00f1os y ni\u00f1as en Meoqui, se abri\u00f3 nuevamente el programa Aprendamos Todos con el cual se brindan asesor\u00edas gratuitas a alumnos de primaria, as\u00ed lo dio a conocer Zenyith P\u00e9rez, directora de Desarrollo Social, quien inform\u00f3 que alrededor de 100 peque\u00f1os se han beneficiado con estas clases.<\/p>\n<p>&nbsp;<\/p>\n<p>\u201cGracias al convenio que realiz\u00f3 la alcaldesa Miriam Soto trabajamos en coordinaci\u00f3n con la Universidad Vizcaya en distintos programas y este es uno de los m\u00e1s importantes\u201d, comparti\u00f3 la directora, agregando que los alumnos de la Licenciatura de Educaci\u00f3n imparten las asesor\u00edas prestando sus servicios al municipio en la Biblioteca Municipal, Centro Comunitario de la Colonia del Carmen, Instalaciones del DIF L\u00e1zaro C\u00e1rdenas y en la Secundaria T\u00e9cnica 39.<\/p>\n<p>&nbsp;<\/p>\n<p>Mencion\u00f3 que fue a partir de la pandemia cuando detectaron que algunos alumnos no iban a la par del aprendizaje de sus compa\u00f1eros, por lo que decidieron abrir el programa Aprendamos Todos, y a\u00f1adi\u00f3: \u201cPueden acercarse a las oficinas de Desarrollo Social, es importante que los padres de familia se acerquen con una copia del INE, un comprobante de domicilio y aqu\u00ed registramos a los ni\u00f1os\u201d.<\/p>\n<p>&nbsp;<\/p>\n<p>Este programa comenzar\u00e1 el pr\u00f3ximo 27 de febrero con asesor\u00edas los lunes, mi\u00e9rcoles y viernes de 4:00 a 6:00 de la tarde en cuatro puntos del municipio, que son la Biblioteca Municipal, el Centro Comunitario de la Colonia Del Carmen, Secundaria T\u00e9cnica 39 y en las instalaciones del DIF de L\u00e1zaro C\u00e1rdenas.<\/p>\n","protected":false},"excerpt":{"rendered":"<p>Alrededor de 100 alumnos se han beneficiado con el programa \u201cAprendamos Todos\u201d en colaboraci\u00f3n con la Universidad Vizcaya &nbsp; Con el objetivo de abatir el rezago educativo y mejorar el desarrollo integral de los ni\u00f1os y ni\u00f1as en Meoqui, se abri\u00f3 nuevamente el programa Aprendamos Todos con el cual se brindan asesor\u00edas gratuitas a alumnos de primaria, as\u00ed lo dio a conocer Zenyith P\u00e9rez, directora de Desarrollo Social, quien inform\u00f3 que alrededor de 100 peque\u00f1os se han beneficiado con estas clases. &nbsp; \u201cGracias al convenio que realiz\u00f3 la alcaldesa Miriam Soto trabajamos en coordinaci\u00f3n con la Universidad Vizcaya en distintos programas y este es uno de los m\u00e1s importantes\u201d, comparti\u00f3 la directora, agregando que los alumnos de la Licenciatura de Educaci\u00f3n imparten las asesor\u00edas prestando sus servicios al municipio en la Biblioteca Municipal, Centro Comunitario de la Colonia del Carmen, Instalaciones del DIF L\u00e1zaro C\u00e1rdenas y en la Secundaria T\u00e9cnica 39. &nbsp; Mencion\u00f3 que fue a partir de la pandemia cuando detectaron que algunos alumnos no iban a la par del aprendizaje de sus compa\u00f1eros, por lo que decidieron abrir el programa Aprendamos Todos, y a\u00f1adi\u00f3: \u201cPueden acercarse a las oficinas de Desarrollo Social, es importante que los padres de familia se acerquen con una copia del INE, un comprobante de domicilio y aqu\u00ed registramos a los ni\u00f1os\u201d. &nbsp; Este programa comenzar\u00e1 el pr\u00f3ximo 27 de febrero con asesor\u00edas los lunes, mi\u00e9rcoles y viernes de 4:00 a 6:00 de la tarde en cuatro puntos del municipio, que son la Biblioteca Municipal, el Centro Comunitario de la Colonia Del Carmen, Secundaria T\u00e9cnica 39 y en las instalaciones del DIF de L\u00e1zaro C\u00e1rdenas.<\/p>\n","protected":false},"author":2,"featured_media":597,"comment_status":"open","ping_status":"open","sticky":false,"template":"","format":"standard","meta":{"_monsterinsights_skip_tracking":false,"_monsterinsights_sitenote_active":false,"_monsterinsights_sitenote_note":"","_monsterinsights_sitenote_category":0,"advanced_seo_description":"","jetpack_seo_html_title":"","jetpack_seo_noindex":false,"_jetpack_memberships_contains_paid_content":false,"footnotes":"","jetpack_publicize_message":"","jetpack_publicize_feature_enabled":true,"jetpack_social_post_already_shared":true,"jetpack_social_options":{"image_generator_settings":{"template":"highway","enabled":false},"version":2}},"categories":[135,7,11],"tags":[],"class_list":["post-596","post","type-post","status-publish","format-standard","has-post-thumbnail","hentry","category-lo-mas-leido","category-local","category-principal"],"jetpack_publicize_connections":[],"jetpack_sharing_enabled":true,"jetpack_featured_media_url":"https:\/\/i0.wp.com\/alcierrenoticias.com\/wp-content\/uploads\/2023\/02\/WhatsApp-Image-2023-02-21-at-10.10.57-AM.jpeg?fit=1280%2C853&ssl=1","amp_enabled":true,"_links":{"self":[{"href":"https:\/\/alcierrenoticias.com\/index.php\/wp-json\/wp\/v2\/posts\/596","targetHints":{"allow":["GET"]}}],"collection":[{"href":"https:\/\/alcierrenoticias.com\/index.php\/wp-json\/wp\/v2\/posts"}],"about":[{"href":"https:\/\/alcierrenoticias.com\/index.php\/wp-json\/wp\/v2\/types\/post"}],"author":[{"embeddable":true,"href":"https:\/\/alcierrenoticias.com\/index.php\/wp-json\/wp\/v2\/users\/2"}],"replies":[{"embeddable":true,"href":"https:\/\/alcierrenoticias.com\/index.php\/wp-json\/wp\/v2\/comments?post=596"}],"version-history":[{"count":1,"href":"https:\/\/alcierrenoticias.com\/index.php\/wp-json\/wp\/v2\/posts\/596\/revisions"}],"predecessor-version":[{"id":598,"href":"https:\/\/alcierrenoticias.com\/index.php\/wp-json\/wp\/v2\/posts\/596\/revisions\/598"}],"wp:featuredmedia":[{"embeddable":true,"href":"https:\/\/alcierrenoticias.com\/index.php\/wp-json\/wp\/v2\/media\/597"}],"wp:attachment":[{"href":"https:\/\/alcierrenoticias.com\/index.php\/wp-json\/wp\/v2\/media?parent=596"}],"wp:term":[{"taxonomy":"category","embeddable":true,"href":"https:\/\/alcierrenoticias.com\/index.php\/wp-json\/wp\/v2\/categories?post=596"},{"taxonomy":"post_tag","embeddable":true,"href":"https:\/\/alcierrenoticias.com\/index.php\/wp-json\/wp\/v2\/tags?post=596"}],"curies":[{"name":"wp","href":"https:\/\/api.w.org\/{rel}","templated":true}]}}