{"id":564,"date":"2023-02-19T21:56:59","date_gmt":"2023-02-20T04:56:59","guid":{"rendered":"https:\/\/alcierrenoticias.com\/?p=564"},"modified":"2023-02-19T21:56:59","modified_gmt":"2023-02-20T04:56:59","slug":"cerveceros-vamos-por-ese-bicampeonato-miriam-soto","status":"publish","type":"post","link":"https:\/\/alcierrenoticias.com\/index.php\/2023\/02\/19\/cerveceros-vamos-por-ese-bicampeonato-miriam-soto\/","title":{"rendered":"\u201cCerveceros vamos por ese bicampeonato\u201d: Miriam Soto"},"content":{"rendered":"<p><em>La alcaldesa de Meoqui reconoci\u00f3 a Goyo L\u00f3pez por su gran trayectoria como pelotero <\/em><\/p>\n<p>&nbsp;<\/p>\n<p>\u201cCerveceros vamos por ese bicampeonato\u201d, as\u00ed lo dijo la alcaldesa Miriam Soto luego de dar el lanzamiento inicial para inaugurar la Liga Regional de B\u00e9isbol 2023 en Meoqui, donde adem\u00e1s reconoci\u00f3 a Goyo L\u00f3pez, por su gran trayectoria como pelotero, destacando su paso por el equipo m\u00edtico \u201cS\u00faper Fanta\u201d y su participaci\u00f3n en la selecci\u00f3n mexicana que blanque\u00f3 5 a 0 a Cuba.<\/p>\n<p>&nbsp;<\/p>\n<p>Desde el Parque General Pedro Meoqui los aficionados se dieron cita para apoyar al equipo local de los Cerveceros, quienes enfrentaron al equipo de la Campesina, donde antes de comenzar el encuentro la alcaldesa recibi\u00f3 el trofeo del equipo cervecero que buscar\u00e1n el bicampeonato en esta edici\u00f3n.<\/p>\n<p>&nbsp;<\/p>\n<p>A su vez, la arquitecta Miriam Soto asegur\u00f3 que el pelotero Goyo L\u00f3pez ya es todo un meoquense y reconoci\u00f3 su trayectoria como deportista, agregando que es importante seguir impulsando el deporte para dar este tipo de frutos, y expres\u00f3: \u201ces un equipo muy solido y competitivo, estoy segura que refrendaremos el campeonato, los invitamos para que vengan y animen a nuestro equipo\u201d.<\/p>\n<p>&nbsp;<\/p>\n<p>El equipo de Cerveceros lleg\u00f3 a este encuentro luego de vencer a Vaqueros de Saucillo por nueve carreras a seis y en este juego inaugural en el municipio de Meoqui, el equipo local logro imponerse ante el conjunto de la Campesina con un marcador contundente de 12 carreras a 2 del equipo visitante.<\/p>\n","protected":false},"excerpt":{"rendered":"<p>La alcaldesa de Meoqui reconoci\u00f3 a Goyo L\u00f3pez por su gran trayectoria como pelotero &nbsp; \u201cCerveceros vamos por ese bicampeonato\u201d, as\u00ed lo dijo la alcaldesa Miriam Soto luego de dar el lanzamiento inicial para inaugurar la Liga Regional de B\u00e9isbol 2023 en Meoqui, donde adem\u00e1s reconoci\u00f3 a Goyo L\u00f3pez, por su gran trayectoria como pelotero, destacando su paso por el equipo m\u00edtico \u201cS\u00faper Fanta\u201d y su participaci\u00f3n en la selecci\u00f3n mexicana que blanque\u00f3 5 a 0 a Cuba. &nbsp; Desde el Parque General Pedro Meoqui los aficionados se dieron cita para apoyar al equipo local de los Cerveceros, quienes enfrentaron al equipo de la Campesina, donde antes de comenzar el encuentro la alcaldesa recibi\u00f3 el trofeo del equipo cervecero que buscar\u00e1n el bicampeonato en esta edici\u00f3n. &nbsp; A su vez, la arquitecta Miriam Soto asegur\u00f3 que el pelotero Goyo L\u00f3pez ya es todo un meoquense y reconoci\u00f3 su trayectoria como deportista, agregando que es importante seguir impulsando el deporte para dar este tipo de frutos, y expres\u00f3: \u201ces un equipo muy solido y competitivo, estoy segura que refrendaremos el campeonato, los invitamos para que vengan y animen a nuestro equipo\u201d. &nbsp; El equipo de Cerveceros lleg\u00f3 a este encuentro luego de vencer a Vaqueros de Saucillo por nueve carreras a seis y en este juego inaugural en el municipio de Meoqui, el equipo local logro imponerse ante el conjunto de la Campesina con un marcador contundente de 12 carreras a 2 del equipo visitante.<\/p>\n","protected":false},"author":2,"featured_media":566,"comment_status":"open","ping_status":"open","sticky":false,"template":"","format":"standard","meta":{"_monsterinsights_skip_tracking":false,"_monsterinsights_sitenote_active":false,"_monsterinsights_sitenote_note":"","_monsterinsights_sitenote_category":0,"advanced_seo_description":"","jetpack_seo_html_title":"","jetpack_seo_noindex":false,"_jetpack_memberships_contains_paid_content":false,"footnotes":"","jetpack_publicize_message":"","jetpack_publicize_feature_enabled":true,"jetpack_social_post_already_shared":true,"jetpack_social_options":{"image_generator_settings":{"template":"highway","enabled":false},"version":2}},"categories":[135,7,11],"tags":[],"class_list":["post-564","post","type-post","status-publish","format-standard","has-post-thumbnail","hentry","category-lo-mas-leido","category-local","category-principal"],"jetpack_publicize_connections":[],"jetpack_sharing_enabled":true,"jetpack_featured_media_url":"https:\/\/i0.wp.com\/alcierrenoticias.com\/wp-content\/uploads\/2023\/02\/WhatsApp-Image-2023-02-19-at-6.27.44-PM.jpeg?fit=1280%2C720&ssl=1","amp_enabled":true,"_links":{"self":[{"href":"https:\/\/alcierrenoticias.com\/index.php\/wp-json\/wp\/v2\/posts\/564","targetHints":{"allow":["GET"]}}],"collection":[{"href":"https:\/\/alcierrenoticias.com\/index.php\/wp-json\/wp\/v2\/posts"}],"about":[{"href":"https:\/\/alcierrenoticias.com\/index.php\/wp-json\/wp\/v2\/types\/post"}],"author":[{"embeddable":true,"href":"https:\/\/alcierrenoticias.com\/index.php\/wp-json\/wp\/v2\/users\/2"}],"replies":[{"embeddable":true,"href":"https:\/\/alcierrenoticias.com\/index.php\/wp-json\/wp\/v2\/comments?post=564"}],"version-history":[{"count":1,"href":"https:\/\/alcierrenoticias.com\/index.php\/wp-json\/wp\/v2\/posts\/564\/revisions"}],"predecessor-version":[{"id":567,"href":"https:\/\/alcierrenoticias.com\/index.php\/wp-json\/wp\/v2\/posts\/564\/revisions\/567"}],"wp:featuredmedia":[{"embeddable":true,"href":"https:\/\/alcierrenoticias.com\/index.php\/wp-json\/wp\/v2\/media\/566"}],"wp:attachment":[{"href":"https:\/\/alcierrenoticias.com\/index.php\/wp-json\/wp\/v2\/media?parent=564"}],"wp:term":[{"taxonomy":"category","embeddable":true,"href":"https:\/\/alcierrenoticias.com\/index.php\/wp-json\/wp\/v2\/categories?post=564"},{"taxonomy":"post_tag","embeddable":true,"href":"https:\/\/alcierrenoticias.com\/index.php\/wp-json\/wp\/v2\/tags?post=564"}],"curies":[{"name":"wp","href":"https:\/\/api.w.org\/{rel}","templated":true}]}}