{"id":5464,"date":"2023-10-31T20:08:13","date_gmt":"2023-11-01T03:08:13","guid":{"rendered":"https:\/\/alcierrenoticias.com\/?p=5464"},"modified":"2023-10-31T20:08:13","modified_gmt":"2023-11-01T03:08:13","slug":"invitan-en-meoqui-a-apoyar-al-grupo-angeles-unidos-con-la-compra-de-coronas-este-dia-de-muertos","status":"publish","type":"post","link":"https:\/\/alcierrenoticias.com\/index.php\/2023\/10\/31\/invitan-en-meoqui-a-apoyar-al-grupo-angeles-unidos-con-la-compra-de-coronas-este-dia-de-muertos\/","title":{"rendered":"Invitan en Meoqui a apoyar al grupo \u201c\u00c1ngeles Unidos\u201d con la compra de coronas este D\u00eda de Muertos."},"content":{"rendered":"<p>Los integrantes del grupo cuentan con alguna discapacidad y buscan llevar sustento a sus hogares, DIF de Meoqui trabaj\u00f3 con ellos brindando un espacio en sus instalaciones.<\/p>\n<p>El Grupo \u201c\u00c1ngeles Unidos\u201d est\u00e1 conformado por cuatro adultos con discapacidad, mismos que este D\u00eda de Muertos estar\u00e1n ofreciendo, en el Pante\u00f3n Municipal de Meoqui, la venta Coronas elaboradas por ellos mismos en las instalaciones del DIF Municipal, as\u00ed lo indic\u00f3 el director Luis Valles, invitando a la ciudadan\u00eda que guste apoyarlos con la compra de alguno de sus productos.<\/p>\n<p>\u201cInvitamos a las personas que puedan apoyar, nuestra presidenta Nore Hern\u00e1ndez est\u00e1 trabajando con este grupo conformado por cuatro personas mayores con alguna discapacidad, hemos trabajado desde meses atr\u00e1s con la elaboraci\u00f3n de Coronas para el D\u00eda de Muertos, ellos se re\u00fanen en nuestras instalaciones, preparando sus productos para ofrecerlos en el pante\u00f3n,\u201d indic\u00f3.<\/p>\n<p>Su vez, el director mencion\u00f3 que se encontrar\u00e1n ubicados en el Pante\u00f3n Municipal, a un costado del Stand de Comida del DIF, donde ofertar\u00e1n sus creaciones y con esto, poder llevar un ingreso extra a casa, donde algunos de ellos los esperan sus hijos peque\u00f1os.<\/p>\n<p>Por otra \u00faltimo, mencion\u00f3 que se seguir\u00e1 apoyando a este grupo: \u201cEllos est\u00e1n aprendiendo este oficio, pasando el D\u00eda de Muertos vamos a empezar a trabajar con pi\u00f1atas, la indicaci\u00f3n de nuestra alcaldesa Miriam Soto es que nosotros las compremos a ellos y llevarlas a las posadas que el DIF realiza en las diferentes comunidades\u201d.<\/p>\n","protected":false},"excerpt":{"rendered":"<p>Los integrantes del grupo cuentan con alguna discapacidad y buscan llevar sustento a sus hogares, DIF de Meoqui trabaj\u00f3 con ellos brindando un espacio en sus instalaciones. El Grupo \u201c\u00c1ngeles Unidos\u201d est\u00e1 conformado por cuatro adultos con discapacidad, mismos que este D\u00eda de Muertos estar\u00e1n ofreciendo, en el Pante\u00f3n Municipal de Meoqui, la venta Coronas elaboradas por ellos mismos en las instalaciones del DIF Municipal, as\u00ed lo indic\u00f3 el director Luis Valles, invitando a la ciudadan\u00eda que guste apoyarlos con la compra de alguno de sus productos. \u201cInvitamos a las personas que puedan apoyar, nuestra presidenta Nore Hern\u00e1ndez est\u00e1 trabajando con este grupo conformado por cuatro personas mayores con alguna discapacidad, hemos trabajado desde meses atr\u00e1s con la elaboraci\u00f3n de Coronas para el D\u00eda de Muertos, ellos se re\u00fanen en nuestras instalaciones, preparando sus productos para ofrecerlos en el pante\u00f3n,\u201d indic\u00f3. Su vez, el director mencion\u00f3 que se encontrar\u00e1n ubicados en el Pante\u00f3n Municipal, a un costado del Stand de Comida del DIF, donde ofertar\u00e1n sus creaciones y con esto, poder llevar un ingreso extra a casa, donde algunos de ellos los esperan sus hijos peque\u00f1os. Por otra \u00faltimo, mencion\u00f3 que se seguir\u00e1 apoyando a este grupo: \u201cEllos est\u00e1n aprendiendo este oficio, pasando el D\u00eda de Muertos vamos a empezar a trabajar con pi\u00f1atas, la indicaci\u00f3n de nuestra alcaldesa Miriam Soto es que nosotros las compremos a ellos y llevarlas a las posadas que el DIF realiza en las diferentes comunidades\u201d.<\/p>\n","protected":false},"author":2,"featured_media":5465,"comment_status":"open","ping_status":"open","sticky":false,"template":"","format":"standard","meta":{"_monsterinsights_skip_tracking":false,"_monsterinsights_sitenote_active":false,"_monsterinsights_sitenote_note":"","_monsterinsights_sitenote_category":0,"advanced_seo_description":"","jetpack_seo_html_title":"","jetpack_seo_noindex":false,"_jetpack_memberships_contains_paid_content":false,"footnotes":"","jetpack_publicize_message":"","jetpack_publicize_feature_enabled":true,"jetpack_social_post_already_shared":true,"jetpack_social_options":{"image_generator_settings":{"template":"highway","enabled":false},"version":2}},"categories":[135,7,11],"tags":[],"class_list":["post-5464","post","type-post","status-publish","format-standard","has-post-thumbnail","hentry","category-lo-mas-leido","category-local","category-principal"],"jetpack_publicize_connections":[],"jetpack_sharing_enabled":true,"jetpack_featured_media_url":"https:\/\/i0.wp.com\/alcierrenoticias.com\/wp-content\/uploads\/2023\/10\/WhatsApp-Image-2023-10-31-at-1.28.07-PM.jpeg?fit=1024%2C768&ssl=1","amp_enabled":true,"_links":{"self":[{"href":"https:\/\/alcierrenoticias.com\/index.php\/wp-json\/wp\/v2\/posts\/5464","targetHints":{"allow":["GET"]}}],"collection":[{"href":"https:\/\/alcierrenoticias.com\/index.php\/wp-json\/wp\/v2\/posts"}],"about":[{"href":"https:\/\/alcierrenoticias.com\/index.php\/wp-json\/wp\/v2\/types\/post"}],"author":[{"embeddable":true,"href":"https:\/\/alcierrenoticias.com\/index.php\/wp-json\/wp\/v2\/users\/2"}],"replies":[{"embeddable":true,"href":"https:\/\/alcierrenoticias.com\/index.php\/wp-json\/wp\/v2\/comments?post=5464"}],"version-history":[{"count":1,"href":"https:\/\/alcierrenoticias.com\/index.php\/wp-json\/wp\/v2\/posts\/5464\/revisions"}],"predecessor-version":[{"id":5466,"href":"https:\/\/alcierrenoticias.com\/index.php\/wp-json\/wp\/v2\/posts\/5464\/revisions\/5466"}],"wp:featuredmedia":[{"embeddable":true,"href":"https:\/\/alcierrenoticias.com\/index.php\/wp-json\/wp\/v2\/media\/5465"}],"wp:attachment":[{"href":"https:\/\/alcierrenoticias.com\/index.php\/wp-json\/wp\/v2\/media?parent=5464"}],"wp:term":[{"taxonomy":"category","embeddable":true,"href":"https:\/\/alcierrenoticias.com\/index.php\/wp-json\/wp\/v2\/categories?post=5464"},{"taxonomy":"post_tag","embeddable":true,"href":"https:\/\/alcierrenoticias.com\/index.php\/wp-json\/wp\/v2\/tags?post=5464"}],"curies":[{"name":"wp","href":"https:\/\/api.w.org\/{rel}","templated":true}]}}