{"id":534,"date":"2023-02-17T15:54:09","date_gmt":"2023-02-17T22:54:09","guid":{"rendered":"https:\/\/alcierrenoticias.com\/?p=534"},"modified":"2023-02-17T15:54:09","modified_gmt":"2023-02-17T22:54:09","slug":"miriam-soto-ejido-meoqui-y-los-modulos-6-y-7-sumaran-esfuerzos-por-la-comunidad-de-buena-vista","status":"publish","type":"post","link":"https:\/\/alcierrenoticias.com\/index.php\/2023\/02\/17\/miriam-soto-ejido-meoqui-y-los-modulos-6-y-7-sumaran-esfuerzos-por-la-comunidad-de-buena-vista\/","title":{"rendered":"Miriam Soto, Ejido Meoqui y los M\u00f3dulos 6 y 7 sumar\u00e1n esfuerzos por la comunidad de Buena Vista."},"content":{"rendered":"<p><em>\u201cUniendo esfuerzos, con voluntad y trabajando en equipo, podremos hacerlo realidad\u201d: Alcaldesa<\/em><\/p>\n<p>&nbsp;<\/p>\n<p>\u201cUniendo esfuerzos, con voluntad y trabajando en equipo, podremos hacerlo realidad\u201d, as\u00ed lo dijo la alcaldesa Miriam Soto luego de reunirse con los vecinos de la comunidad de Buena Vista en Meoqui, acompa\u00f1ada de Jorge Amado Hern\u00e1ndez, Presidente del Ejido Meoqui; Gerardo Porras, presidente del M\u00f3dulo 7; personal del M\u00f3dulo 6 y regidores de este municipio y Rosales, donde los habitantes solicitaron la pavimentaci\u00f3n de la calle principal, electrificaci\u00f3n, luminarias y otras necesidades particulares.<\/p>\n<p>&nbsp;<\/p>\n<p>Desde el Sal\u00f3n de Usos M\u00faltiples de la comunidad, vecinos y autoridades municipales se reunieron para priorizar las necesidades de la localidad, donde la alcaldesa destac\u00f3 que la reuni\u00f3n fue fruct\u00edfera debido a que pudieron escuchar las peticiones de viva voz por parte de la ciudadan\u00eda, precisando que tocar\u00e1n puertas en Gobierno del Estado en b\u00fasqueda de sumar esfuerzos.<\/p>\n<p>&nbsp;<\/p>\n<p>\u201cEl trabajo en equipo es como se dan los resultados, somos creyentes de ello porque as\u00ed es como lo hemos realizado y estoy segura que en esta ocasi\u00f3n no ser\u00e1 la excepci\u00f3n, ellos tienen disposici\u00f3n tan es as\u00ed que aqu\u00ed estuvieron todos presentes, posteriormente realizaremos una mesa de trabajo para ver de qu\u00e9 forma vamos a colaborar\u201d, comparti\u00f3 la alcaldesa, coincidiendo Gerardo Porras, quien destac\u00f3 que se lleva una excelente coordinaci\u00f3n con Miriam Soto y el Gobierno Municipal.<\/p>\n<p>&nbsp;<\/p>\n<p>Adem\u00e1s, los habitantes de esta comunidad solicitaron la colocaci\u00f3n de l\u00e1mparas, as\u00ed como la electrificaci\u00f3n en algunas granjas, ante estas solicitudes la arquitecta Miriam Soto coment\u00f3 que lo correspondiente al Gobierno Municipal se le estar\u00e1 dando seguimiento, as\u00ed como las gestiones ante la Comisi\u00f3n Federal de Electricidad.<\/p>\n","protected":false},"excerpt":{"rendered":"<p>\u201cUniendo esfuerzos, con voluntad y trabajando en equipo, podremos hacerlo realidad\u201d: Alcaldesa &nbsp; \u201cUniendo esfuerzos, con voluntad y trabajando en equipo, podremos hacerlo realidad\u201d, as\u00ed lo dijo la alcaldesa Miriam Soto luego de reunirse con los vecinos de la comunidad de Buena Vista en Meoqui, acompa\u00f1ada de Jorge Amado Hern\u00e1ndez, Presidente del Ejido Meoqui; Gerardo Porras, presidente del M\u00f3dulo 7; personal del M\u00f3dulo 6 y regidores de este municipio y Rosales, donde los habitantes solicitaron la pavimentaci\u00f3n de la calle principal, electrificaci\u00f3n, luminarias y otras necesidades particulares. &nbsp; Desde el Sal\u00f3n de Usos M\u00faltiples de la comunidad, vecinos y autoridades municipales se reunieron para priorizar las necesidades de la localidad, donde la alcaldesa destac\u00f3 que la reuni\u00f3n fue fruct\u00edfera debido a que pudieron escuchar las peticiones de viva voz por parte de la ciudadan\u00eda, precisando que tocar\u00e1n puertas en Gobierno del Estado en b\u00fasqueda de sumar esfuerzos. &nbsp; \u201cEl trabajo en equipo es como se dan los resultados, somos creyentes de ello porque as\u00ed es como lo hemos realizado y estoy segura que en esta ocasi\u00f3n no ser\u00e1 la excepci\u00f3n, ellos tienen disposici\u00f3n tan es as\u00ed que aqu\u00ed estuvieron todos presentes, posteriormente realizaremos una mesa de trabajo para ver de qu\u00e9 forma vamos a colaborar\u201d, comparti\u00f3 la alcaldesa, coincidiendo Gerardo Porras, quien destac\u00f3 que se lleva una excelente coordinaci\u00f3n con Miriam Soto y el Gobierno Municipal. &nbsp; Adem\u00e1s, los habitantes de esta comunidad solicitaron la colocaci\u00f3n de l\u00e1mparas, as\u00ed como la electrificaci\u00f3n en algunas granjas, ante estas solicitudes la arquitecta Miriam Soto coment\u00f3 que lo correspondiente al Gobierno Municipal se le estar\u00e1 dando seguimiento, as\u00ed como las gestiones ante la Comisi\u00f3n Federal de Electricidad.<\/p>\n","protected":false},"author":2,"featured_media":535,"comment_status":"open","ping_status":"open","sticky":false,"template":"","format":"standard","meta":{"_monsterinsights_skip_tracking":false,"_monsterinsights_sitenote_active":false,"_monsterinsights_sitenote_note":"","_monsterinsights_sitenote_category":0,"advanced_seo_description":"","jetpack_seo_html_title":"","jetpack_seo_noindex":false,"_jetpack_memberships_contains_paid_content":false,"footnotes":"","jetpack_publicize_message":"","jetpack_publicize_feature_enabled":true,"jetpack_social_post_already_shared":true,"jetpack_social_options":{"image_generator_settings":{"template":"highway","enabled":false},"version":2}},"categories":[135,7,11],"tags":[],"class_list":["post-534","post","type-post","status-publish","format-standard","has-post-thumbnail","hentry","category-lo-mas-leido","category-local","category-principal"],"jetpack_publicize_connections":[],"jetpack_sharing_enabled":true,"jetpack_featured_media_url":"https:\/\/i0.wp.com\/alcierrenoticias.com\/wp-content\/uploads\/2023\/02\/WhatsApp-Image-2023-02-17-at-4.21.18-PM.jpeg?fit=1600%2C862&ssl=1","amp_enabled":true,"_links":{"self":[{"href":"https:\/\/alcierrenoticias.com\/index.php\/wp-json\/wp\/v2\/posts\/534","targetHints":{"allow":["GET"]}}],"collection":[{"href":"https:\/\/alcierrenoticias.com\/index.php\/wp-json\/wp\/v2\/posts"}],"about":[{"href":"https:\/\/alcierrenoticias.com\/index.php\/wp-json\/wp\/v2\/types\/post"}],"author":[{"embeddable":true,"href":"https:\/\/alcierrenoticias.com\/index.php\/wp-json\/wp\/v2\/users\/2"}],"replies":[{"embeddable":true,"href":"https:\/\/alcierrenoticias.com\/index.php\/wp-json\/wp\/v2\/comments?post=534"}],"version-history":[{"count":2,"href":"https:\/\/alcierrenoticias.com\/index.php\/wp-json\/wp\/v2\/posts\/534\/revisions"}],"predecessor-version":[{"id":537,"href":"https:\/\/alcierrenoticias.com\/index.php\/wp-json\/wp\/v2\/posts\/534\/revisions\/537"}],"wp:featuredmedia":[{"embeddable":true,"href":"https:\/\/alcierrenoticias.com\/index.php\/wp-json\/wp\/v2\/media\/535"}],"wp:attachment":[{"href":"https:\/\/alcierrenoticias.com\/index.php\/wp-json\/wp\/v2\/media?parent=534"}],"wp:term":[{"taxonomy":"category","embeddable":true,"href":"https:\/\/alcierrenoticias.com\/index.php\/wp-json\/wp\/v2\/categories?post=534"},{"taxonomy":"post_tag","embeddable":true,"href":"https:\/\/alcierrenoticias.com\/index.php\/wp-json\/wp\/v2\/tags?post=534"}],"curies":[{"name":"wp","href":"https:\/\/api.w.org\/{rel}","templated":true}]}}