{"id":5093,"date":"2023-10-07T16:54:21","date_gmt":"2023-10-07T22:54:21","guid":{"rendered":"https:\/\/alcierrenoticias.com\/?p=5093"},"modified":"2023-10-07T16:54:21","modified_gmt":"2023-10-07T22:54:21","slug":"proteccion-civil-delicias-capacita-a-guarderias","status":"publish","type":"post","link":"https:\/\/alcierrenoticias.com\/index.php\/2023\/10\/07\/proteccion-civil-delicias-capacita-a-guarderias\/","title":{"rendered":"Protecci\u00f3n Civil Delicias capacita a guarder\u00edas."},"content":{"rendered":"<p>Con la intenci\u00f3n de reforzar la seguridad y prevenir situaciones indeseables en las diferentes estancias infantiles de Delicias, Protecci\u00f3n Civil, capacit\u00f3 este s\u00e1bado al personal de dichos establecimientos en el tema de primeros Auxilios.<\/p>\n<p>As\u00ed lo inform\u00f3 Patricio Barrera, jefe de Protecci\u00f3n Civil, quien indic\u00f3 que, por instrucci\u00f3n del Presidente Municipal, Jes\u00fas Valenciano, se ofrecen este tipo de cursos a diferentes instituciones p\u00fablicas y privadas.<\/p>\n<p>Cabe destacar que la capacitaci\u00f3n con validez oficial, se llev\u00f3 a cabo en las instalaciones de la academia de Seguridad P\u00fablica Municipal (SPM), desde las 9 de la ma\u00f1ana hasta las 3 de la tarde, seg\u00fan los lineamientos de la Secretar\u00eda de Trabajo y Prevenci\u00f3n Social.<\/p>\n","protected":false},"excerpt":{"rendered":"<p>Con la intenci\u00f3n de reforzar la seguridad y prevenir situaciones indeseables en las diferentes estancias infantiles de Delicias, Protecci\u00f3n Civil, capacit\u00f3 este s\u00e1bado al personal de dichos establecimientos en el tema de primeros Auxilios. As\u00ed lo inform\u00f3 Patricio Barrera, jefe de Protecci\u00f3n Civil, quien indic\u00f3 que, por instrucci\u00f3n del Presidente Municipal, Jes\u00fas Valenciano, se ofrecen este tipo de cursos a diferentes instituciones p\u00fablicas y privadas. Cabe destacar que la capacitaci\u00f3n con validez oficial, se llev\u00f3 a cabo en las instalaciones de la academia de Seguridad P\u00fablica Municipal (SPM), desde las 9 de la ma\u00f1ana hasta las 3 de la tarde, seg\u00fan los lineamientos de la Secretar\u00eda de Trabajo y Prevenci\u00f3n Social.<\/p>\n","protected":false},"author":2,"featured_media":5094,"comment_status":"open","ping_status":"open","sticky":false,"template":"","format":"standard","meta":{"_monsterinsights_skip_tracking":false,"_monsterinsights_sitenote_active":false,"_monsterinsights_sitenote_note":"","_monsterinsights_sitenote_category":0,"advanced_seo_description":"","jetpack_seo_html_title":"","jetpack_seo_noindex":false,"_jetpack_memberships_contains_paid_content":false,"footnotes":"","jetpack_publicize_message":"","jetpack_publicize_feature_enabled":true,"jetpack_social_post_already_shared":true,"jetpack_social_options":{"image_generator_settings":{"template":"highway","enabled":false},"version":2}},"categories":[135,7,11],"tags":[],"class_list":["post-5093","post","type-post","status-publish","format-standard","has-post-thumbnail","hentry","category-lo-mas-leido","category-local","category-principal"],"jetpack_publicize_connections":[],"jetpack_sharing_enabled":true,"jetpack_featured_media_url":"https:\/\/i0.wp.com\/alcierrenoticias.com\/wp-content\/uploads\/2023\/10\/WhatsApp-Image-2023-10-07-at-3.23.47-PM-e1696719244726.jpeg?fit=700%2C315&ssl=1","amp_enabled":true,"_links":{"self":[{"href":"https:\/\/alcierrenoticias.com\/index.php\/wp-json\/wp\/v2\/posts\/5093","targetHints":{"allow":["GET"]}}],"collection":[{"href":"https:\/\/alcierrenoticias.com\/index.php\/wp-json\/wp\/v2\/posts"}],"about":[{"href":"https:\/\/alcierrenoticias.com\/index.php\/wp-json\/wp\/v2\/types\/post"}],"author":[{"embeddable":true,"href":"https:\/\/alcierrenoticias.com\/index.php\/wp-json\/wp\/v2\/users\/2"}],"replies":[{"embeddable":true,"href":"https:\/\/alcierrenoticias.com\/index.php\/wp-json\/wp\/v2\/comments?post=5093"}],"version-history":[{"count":1,"href":"https:\/\/alcierrenoticias.com\/index.php\/wp-json\/wp\/v2\/posts\/5093\/revisions"}],"predecessor-version":[{"id":5095,"href":"https:\/\/alcierrenoticias.com\/index.php\/wp-json\/wp\/v2\/posts\/5093\/revisions\/5095"}],"wp:featuredmedia":[{"embeddable":true,"href":"https:\/\/alcierrenoticias.com\/index.php\/wp-json\/wp\/v2\/media\/5094"}],"wp:attachment":[{"href":"https:\/\/alcierrenoticias.com\/index.php\/wp-json\/wp\/v2\/media?parent=5093"}],"wp:term":[{"taxonomy":"category","embeddable":true,"href":"https:\/\/alcierrenoticias.com\/index.php\/wp-json\/wp\/v2\/categories?post=5093"},{"taxonomy":"post_tag","embeddable":true,"href":"https:\/\/alcierrenoticias.com\/index.php\/wp-json\/wp\/v2\/tags?post=5093"}],"curies":[{"name":"wp","href":"https:\/\/api.w.org\/{rel}","templated":true}]}}