{"id":479,"date":"2023-02-15T13:48:36","date_gmt":"2023-02-15T20:48:36","guid":{"rendered":"https:\/\/alcierrenoticias.com\/?p=479"},"modified":"2023-02-15T13:48:36","modified_gmt":"2023-02-15T20:48:36","slug":"supervisa-marcial-marquez-obra-de-recarpetamiento-en-la-avenida-sonora","status":"publish","type":"post","link":"https:\/\/alcierrenoticias.com\/index.php\/2023\/02\/15\/supervisa-marcial-marquez-obra-de-recarpetamiento-en-la-avenida-sonora\/","title":{"rendered":"SUPERVISA MARCIAL M\u00c1RQUEZ OBRA DE RECARPETAMIENTO EN LA AVENIDA SONORA."},"content":{"rendered":"<p>ROSALES. \u2013 Con la finalidad de mantenerse informado en el avance de la obra de recarpetamiento de la avenida Sonora, el presidente municipal Marcial M\u00e1rquez, supervis\u00f3 el trabajo de dicha avenida con el prop\u00f3sito de corroborar la calidad y el avance de esta obra.<\/p>\n<p>Supervis\u00e1ndose el tramo que comprende la avenida Sonora entre las calles Michoac\u00e1n y Sonora, donde se coment\u00f3 que esta semana quedar\u00eda lista esta obra que mucho han pedido los ciudadanos, para luego de ello arrancar en la avenida Libertad.<\/p>\n<p>Al finalizar se coment\u00f3 que con el recarpetamiento de estas dos avenidas se estar\u00eda cubriendo e la reparaci\u00f3n de casi todas las calles principales del municipio de Rosales ya que desde el comienzo de la administraci\u00f3n se habl\u00f3 de esto para poder brindar calles seguras para los ciudadanos rosalenses.<\/p>\n","protected":false},"excerpt":{"rendered":"<p>ROSALES. \u2013 Con la finalidad de mantenerse informado en el avance de la obra de recarpetamiento de la avenida Sonora, el presidente municipal Marcial M\u00e1rquez, supervis\u00f3 el trabajo de dicha avenida con el prop\u00f3sito de corroborar la calidad y el avance de esta obra. Supervis\u00e1ndose el tramo que comprende la avenida Sonora entre las calles Michoac\u00e1n y Sonora, donde se coment\u00f3 que esta semana quedar\u00eda lista esta obra que mucho han pedido los ciudadanos, para luego de ello arrancar en la avenida Libertad. Al finalizar se coment\u00f3 que con el recarpetamiento de estas dos avenidas se estar\u00eda cubriendo e la reparaci\u00f3n de casi todas las calles principales del municipio de Rosales ya que desde el comienzo de la administraci\u00f3n se habl\u00f3 de esto para poder brindar calles seguras para los ciudadanos rosalenses.<\/p>\n","protected":false},"author":2,"featured_media":480,"comment_status":"open","ping_status":"open","sticky":false,"template":"","format":"standard","meta":{"_monsterinsights_skip_tracking":false,"_monsterinsights_sitenote_active":false,"_monsterinsights_sitenote_note":"","_monsterinsights_sitenote_category":0,"advanced_seo_description":"","jetpack_seo_html_title":"","jetpack_seo_noindex":false,"_jetpack_memberships_contains_paid_content":false,"footnotes":"","jetpack_publicize_message":"","jetpack_publicize_feature_enabled":true,"jetpack_social_post_already_shared":true,"jetpack_social_options":{"image_generator_settings":{"template":"highway","enabled":false},"version":2}},"categories":[135,7,11],"tags":[],"class_list":["post-479","post","type-post","status-publish","format-standard","has-post-thumbnail","hentry","category-lo-mas-leido","category-local","category-principal"],"jetpack_publicize_connections":[],"jetpack_sharing_enabled":true,"jetpack_featured_media_url":"https:\/\/i0.wp.com\/alcierrenoticias.com\/wp-content\/uploads\/2023\/02\/WhatsApp-Image-2023-02-15-at-1.57.06-PM.jpeg?fit=1600%2C1066&ssl=1","amp_enabled":true,"_links":{"self":[{"href":"https:\/\/alcierrenoticias.com\/index.php\/wp-json\/wp\/v2\/posts\/479","targetHints":{"allow":["GET"]}}],"collection":[{"href":"https:\/\/alcierrenoticias.com\/index.php\/wp-json\/wp\/v2\/posts"}],"about":[{"href":"https:\/\/alcierrenoticias.com\/index.php\/wp-json\/wp\/v2\/types\/post"}],"author":[{"embeddable":true,"href":"https:\/\/alcierrenoticias.com\/index.php\/wp-json\/wp\/v2\/users\/2"}],"replies":[{"embeddable":true,"href":"https:\/\/alcierrenoticias.com\/index.php\/wp-json\/wp\/v2\/comments?post=479"}],"version-history":[{"count":1,"href":"https:\/\/alcierrenoticias.com\/index.php\/wp-json\/wp\/v2\/posts\/479\/revisions"}],"predecessor-version":[{"id":481,"href":"https:\/\/alcierrenoticias.com\/index.php\/wp-json\/wp\/v2\/posts\/479\/revisions\/481"}],"wp:featuredmedia":[{"embeddable":true,"href":"https:\/\/alcierrenoticias.com\/index.php\/wp-json\/wp\/v2\/media\/480"}],"wp:attachment":[{"href":"https:\/\/alcierrenoticias.com\/index.php\/wp-json\/wp\/v2\/media?parent=479"}],"wp:term":[{"taxonomy":"category","embeddable":true,"href":"https:\/\/alcierrenoticias.com\/index.php\/wp-json\/wp\/v2\/categories?post=479"},{"taxonomy":"post_tag","embeddable":true,"href":"https:\/\/alcierrenoticias.com\/index.php\/wp-json\/wp\/v2\/tags?post=479"}],"curies":[{"name":"wp","href":"https:\/\/api.w.org\/{rel}","templated":true}]}}