{"id":462,"date":"2023-02-15T11:20:05","date_gmt":"2023-02-15T18:20:05","guid":{"rendered":"https:\/\/alcierrenoticias.com\/?p=462"},"modified":"2023-02-15T11:20:05","modified_gmt":"2023-02-15T18:20:05","slug":"reactiva-valenciano-el-programa-de-al-encuentro-de-todos","status":"publish","type":"post","link":"https:\/\/alcierrenoticias.com\/index.php\/2023\/02\/15\/reactiva-valenciano-el-programa-de-al-encuentro-de-todos\/","title":{"rendered":"REACTIVA VALENCIANO EL PROGRAMA DE AL ENCUENTRO DE TODOS."},"content":{"rendered":"<p>Con la intenci\u00f3n de atender de manera puntual y personal, las inquietudes de los delicienses, el Presidente Municipal, Jes\u00fas Valenciano, acudi\u00f3 al fraccionamiento Nuevo Delicias, para resolver cada una de las solicitudes a m\u00e1s de 300 asistentes.<\/p>\n<p>&nbsp;<\/p>\n<p>En el lugar el Alcalde Valenciano, canaliz\u00f3 algunas necesidades con dependencias municipales y otras con Gobierno del Estado, por lo que agradeci\u00f3 a la Gobernadora Maru Campos, por su disponibilidad en este programa de <em>Al Encuentro de Todos.<\/em><\/p>\n<p>&nbsp;<\/p>\n<p>Adem\u00e1s, se ofrecieron consultas m\u00e9dicas, pruebas de la vista y anteojos, registro civil, consultas en la JMAS, recaudaci\u00f3n de rentas, ferias del deporte para la reactivaci\u00f3n de ni\u00f1os y j\u00f3venes, adem\u00e1s por ser 14 de febrero se ofreci\u00f3 una serenata en la plaza, para quien disfrute de la m\u00fasica en vivo, explic\u00f3 Valenciano Garc\u00eda.<\/p>\n<p>&nbsp;<\/p>\n<p>Finalmente, mencion\u00f3 que la intenci\u00f3n es replicar este programa cada semana, y extendi\u00f3 la invitaci\u00f3n a los habitantes de la Colonia Obrera y puntos circunvecinos el pr\u00f3ximo 21 de febrero a la plaza de esta localidad para solicitar de la gesti\u00f3n municipal o bien para aprovechar de los servicios que se ofrece.<\/p>\n","protected":false},"excerpt":{"rendered":"<p>Con la intenci\u00f3n de atender de manera puntual y personal, las inquietudes de los delicienses, el Presidente Municipal, Jes\u00fas Valenciano, acudi\u00f3 al fraccionamiento Nuevo Delicias, para resolver cada una de las solicitudes a m\u00e1s de 300 asistentes. &nbsp; En el lugar el Alcalde Valenciano, canaliz\u00f3 algunas necesidades con dependencias municipales y otras con Gobierno del Estado, por lo que agradeci\u00f3 a la Gobernadora Maru Campos, por su disponibilidad en este programa de Al Encuentro de Todos. &nbsp; Adem\u00e1s, se ofrecieron consultas m\u00e9dicas, pruebas de la vista y anteojos, registro civil, consultas en la JMAS, recaudaci\u00f3n de rentas, ferias del deporte para la reactivaci\u00f3n de ni\u00f1os y j\u00f3venes, adem\u00e1s por ser 14 de febrero se ofreci\u00f3 una serenata en la plaza, para quien disfrute de la m\u00fasica en vivo, explic\u00f3 Valenciano Garc\u00eda. &nbsp; Finalmente, mencion\u00f3 que la intenci\u00f3n es replicar este programa cada semana, y extendi\u00f3 la invitaci\u00f3n a los habitantes de la Colonia Obrera y puntos circunvecinos el pr\u00f3ximo 21 de febrero a la plaza de esta localidad para solicitar de la gesti\u00f3n municipal o bien para aprovechar de los servicios que se ofrece.<\/p>\n","protected":false},"author":2,"featured_media":463,"comment_status":"open","ping_status":"open","sticky":false,"template":"","format":"standard","meta":{"_monsterinsights_skip_tracking":false,"_monsterinsights_sitenote_active":false,"_monsterinsights_sitenote_note":"","_monsterinsights_sitenote_category":0,"advanced_seo_description":"","jetpack_seo_html_title":"","jetpack_seo_noindex":false,"_jetpack_memberships_contains_paid_content":false,"footnotes":"","jetpack_publicize_message":"","jetpack_publicize_feature_enabled":true,"jetpack_social_post_already_shared":true,"jetpack_social_options":{"image_generator_settings":{"template":"highway","enabled":false},"version":2}},"categories":[135,7,11],"tags":[],"class_list":["post-462","post","type-post","status-publish","format-standard","has-post-thumbnail","hentry","category-lo-mas-leido","category-local","category-principal"],"jetpack_publicize_connections":[],"jetpack_sharing_enabled":true,"jetpack_featured_media_url":"https:\/\/i0.wp.com\/alcierrenoticias.com\/wp-content\/uploads\/2023\/02\/WhatsApp-Image-2023-02-15-at-8.19.41-AM.jpeg?fit=1024%2C712&ssl=1","amp_enabled":true,"_links":{"self":[{"href":"https:\/\/alcierrenoticias.com\/index.php\/wp-json\/wp\/v2\/posts\/462","targetHints":{"allow":["GET"]}}],"collection":[{"href":"https:\/\/alcierrenoticias.com\/index.php\/wp-json\/wp\/v2\/posts"}],"about":[{"href":"https:\/\/alcierrenoticias.com\/index.php\/wp-json\/wp\/v2\/types\/post"}],"author":[{"embeddable":true,"href":"https:\/\/alcierrenoticias.com\/index.php\/wp-json\/wp\/v2\/users\/2"}],"replies":[{"embeddable":true,"href":"https:\/\/alcierrenoticias.com\/index.php\/wp-json\/wp\/v2\/comments?post=462"}],"version-history":[{"count":1,"href":"https:\/\/alcierrenoticias.com\/index.php\/wp-json\/wp\/v2\/posts\/462\/revisions"}],"predecessor-version":[{"id":464,"href":"https:\/\/alcierrenoticias.com\/index.php\/wp-json\/wp\/v2\/posts\/462\/revisions\/464"}],"wp:featuredmedia":[{"embeddable":true,"href":"https:\/\/alcierrenoticias.com\/index.php\/wp-json\/wp\/v2\/media\/463"}],"wp:attachment":[{"href":"https:\/\/alcierrenoticias.com\/index.php\/wp-json\/wp\/v2\/media?parent=462"}],"wp:term":[{"taxonomy":"category","embeddable":true,"href":"https:\/\/alcierrenoticias.com\/index.php\/wp-json\/wp\/v2\/categories?post=462"},{"taxonomy":"post_tag","embeddable":true,"href":"https:\/\/alcierrenoticias.com\/index.php\/wp-json\/wp\/v2\/tags?post=462"}],"curies":[{"name":"wp","href":"https:\/\/api.w.org\/{rel}","templated":true}]}}