{"id":4598,"date":"2023-09-08T16:50:04","date_gmt":"2023-09-08T22:50:04","guid":{"rendered":"https:\/\/alcierrenoticias.com\/?p=4598"},"modified":"2023-09-08T16:50:04","modified_gmt":"2023-09-08T22:50:04","slug":"ultiman-detalles-en-obra-del-techado-de-cancha-de-potrero-del-llano-en-meoqui","status":"publish","type":"post","link":"https:\/\/alcierrenoticias.com\/index.php\/2023\/09\/08\/ultiman-detalles-en-obra-del-techado-de-cancha-de-potrero-del-llano-en-meoqui\/","title":{"rendered":"Ultiman detalles en obra del techado de cancha de Potrero del Llano en Meoqui."},"content":{"rendered":"<p>&#8220;En breve podr\u00e1 ser entregada por la alcaldesa Miriam Soto a la comunidad&#8221;: Obras P\u00fablicas<\/p>\n<p>En Meoqui ultiman detalles en la obra de la techumbre de cancha de la comunidad de Potrero del Llano, as\u00ed lo inform\u00f3 Ulises Escobar, director de Obras P\u00fablicas Municipales, quien comparti\u00f3 que esta obra ser\u00e1 entregada por la alcaldesa Miriam Soto en breve para que los habitantes disfruten de este espacio p\u00fablico.<\/p>\n<p>\u201cLos vecinos externaron su necesidad a la alcaldesa Miriam Soto en una de las reuniones vecinales, es por ello que se ejecut\u00f3 esta obra\u201d, coment\u00f3 el director, destacando que el Gobierno Municipal de Meoqui realiz\u00f3 la construcci\u00f3n en coordinaci\u00f3n con el Comit\u00e9 Pro Obras de la comunidad.<\/p>\n<p>Con una inversi\u00f3n de m\u00e1s de 900 mil pesos, cerca de 300 habitantes de la localidad ser\u00e1n beneficiados con esta obra, que consiste en un techado de l\u00e1mina de 600 metros cuadrados, el cual se construy\u00f3 con una base met\u00e1lica, que incluye cimentaci\u00f3n de zapatas aisladas, columnas IPR 12\u201d y seis armaduras construidas de PTR de 2\u00d72 y polines de 6 EP14.<\/p>\n","protected":false},"excerpt":{"rendered":"<p>&#8220;En breve podr\u00e1 ser entregada por la alcaldesa Miriam Soto a la comunidad&#8221;: Obras P\u00fablicas En Meoqui ultiman detalles en la obra de la techumbre de cancha de la comunidad de Potrero del Llano, as\u00ed lo inform\u00f3 Ulises Escobar, director de Obras P\u00fablicas Municipales, quien comparti\u00f3 que esta obra ser\u00e1 entregada por la alcaldesa Miriam Soto en breve para que los habitantes disfruten de este espacio p\u00fablico. \u201cLos vecinos externaron su necesidad a la alcaldesa Miriam Soto en una de las reuniones vecinales, es por ello que se ejecut\u00f3 esta obra\u201d, coment\u00f3 el director, destacando que el Gobierno Municipal de Meoqui realiz\u00f3 la construcci\u00f3n en coordinaci\u00f3n con el Comit\u00e9 Pro Obras de la comunidad. Con una inversi\u00f3n de m\u00e1s de 900 mil pesos, cerca de 300 habitantes de la localidad ser\u00e1n beneficiados con esta obra, que consiste en un techado de l\u00e1mina de 600 metros cuadrados, el cual se construy\u00f3 con una base met\u00e1lica, que incluye cimentaci\u00f3n de zapatas aisladas, columnas IPR 12\u201d y seis armaduras construidas de PTR de 2\u00d72 y polines de 6 EP14.<\/p>\n","protected":false},"author":2,"featured_media":4599,"comment_status":"open","ping_status":"open","sticky":false,"template":"","format":"standard","meta":{"_monsterinsights_skip_tracking":false,"_monsterinsights_sitenote_active":false,"_monsterinsights_sitenote_note":"","_monsterinsights_sitenote_category":0,"advanced_seo_description":"","jetpack_seo_html_title":"","jetpack_seo_noindex":false,"_jetpack_memberships_contains_paid_content":false,"footnotes":"","jetpack_publicize_message":"","jetpack_publicize_feature_enabled":true,"jetpack_social_post_already_shared":true,"jetpack_social_options":{"image_generator_settings":{"template":"highway","enabled":false},"version":2}},"categories":[135,7,11],"tags":[],"class_list":["post-4598","post","type-post","status-publish","format-standard","has-post-thumbnail","hentry","category-lo-mas-leido","category-local","category-principal"],"jetpack_publicize_connections":[],"jetpack_sharing_enabled":true,"jetpack_featured_media_url":"https:\/\/i0.wp.com\/alcierrenoticias.com\/wp-content\/uploads\/2023\/09\/WhatsApp-Image-2023-09-08-at-3.51.43-PM.jpeg?fit=1024%2C768&ssl=1","amp_enabled":true,"_links":{"self":[{"href":"https:\/\/alcierrenoticias.com\/index.php\/wp-json\/wp\/v2\/posts\/4598","targetHints":{"allow":["GET"]}}],"collection":[{"href":"https:\/\/alcierrenoticias.com\/index.php\/wp-json\/wp\/v2\/posts"}],"about":[{"href":"https:\/\/alcierrenoticias.com\/index.php\/wp-json\/wp\/v2\/types\/post"}],"author":[{"embeddable":true,"href":"https:\/\/alcierrenoticias.com\/index.php\/wp-json\/wp\/v2\/users\/2"}],"replies":[{"embeddable":true,"href":"https:\/\/alcierrenoticias.com\/index.php\/wp-json\/wp\/v2\/comments?post=4598"}],"version-history":[{"count":1,"href":"https:\/\/alcierrenoticias.com\/index.php\/wp-json\/wp\/v2\/posts\/4598\/revisions"}],"predecessor-version":[{"id":4600,"href":"https:\/\/alcierrenoticias.com\/index.php\/wp-json\/wp\/v2\/posts\/4598\/revisions\/4600"}],"wp:featuredmedia":[{"embeddable":true,"href":"https:\/\/alcierrenoticias.com\/index.php\/wp-json\/wp\/v2\/media\/4599"}],"wp:attachment":[{"href":"https:\/\/alcierrenoticias.com\/index.php\/wp-json\/wp\/v2\/media?parent=4598"}],"wp:term":[{"taxonomy":"category","embeddable":true,"href":"https:\/\/alcierrenoticias.com\/index.php\/wp-json\/wp\/v2\/categories?post=4598"},{"taxonomy":"post_tag","embeddable":true,"href":"https:\/\/alcierrenoticias.com\/index.php\/wp-json\/wp\/v2\/tags?post=4598"}],"curies":[{"name":"wp","href":"https:\/\/api.w.org\/{rel}","templated":true}]}}