{"id":458,"date":"2023-02-14T13:43:54","date_gmt":"2023-02-14T20:43:54","guid":{"rendered":"https:\/\/alcierrenoticias.com\/?p=458"},"modified":"2023-02-14T13:43:54","modified_gmt":"2023-02-14T20:43:54","slug":"entrega-valenciano-apoyo-a-escuelas-en-colonia-armendariz","status":"publish","type":"post","link":"https:\/\/alcierrenoticias.com\/index.php\/2023\/02\/14\/entrega-valenciano-apoyo-a-escuelas-en-colonia-armendariz\/","title":{"rendered":"ENTREGA VALENCIANO APOYO A ESCUELAS EN COLONIA ARMENDARIZ."},"content":{"rendered":"<p>Bajo la visi\u00f3n de un gobierno humanista, que atienda las peticiones m\u00e1s sentidas en la sociedad, el Presidente Municipal, Jes\u00fas Valenciano, hizo entrega este martes del proyecto de embellecimiento en la zona escolar de Colonia Armend\u00e1riz.<\/p>\n<p>&nbsp;<\/p>\n<p>Se trata de un conjunto de banquetas perimetrales sobre la vialidad principal de esta localidad donde se encuentran 3 instituciones educativas, explic\u00f3 el Alcalde Valenciano y refrend\u00f3 su apoyo al comit\u00e9 de vecinos, padres de familia, alumnos y docentes, para mejorar las condiciones en la educaci\u00f3n.<\/p>\n<p>&nbsp;<\/p>\n<p>Resalt\u00f3 que esto es en respuesta a la solicitud de los directivos del Telebachillerato, Telesecundaria y Jard\u00edn de Ni\u00f1os, de esta colonia rural, as\u00ed como la techumbre donde se llev\u00f3 a cabo el evento, donaci\u00f3n de Gobierno Municipal.<\/p>\n<p>&nbsp;<\/p>\n<p>Por su parte Manuel Villanueva, presidente del consejo de Estacion\u00f3metros, record\u00f3 que todo lo recaudado en los parqu\u00edmetros de la ciudad de Delicias se destina a la infraestructura educativa y a la atenci\u00f3n de diferentes rubros de beneficencia social.<\/p>\n<p>&nbsp;<\/p>\n<p>Mientras que el director de la Telesecundaria \u201cPaulo Freire\u201d, Adri\u00e1n Gonz\u00e1lez, anfitri\u00f3n del evento, agradeci\u00f3 el apoyo al Alcalde Valenciano Garc\u00eda, y solicit\u00f3 en el momento \u00e1rboles para esta misma vialidad, a lo que el Edil respondi\u00f3 con una afirmativa y anticip\u00f3 que en los pr\u00f3ximos d\u00edas Parques y Jardines atender\u00e1 la solicitud para reforestar.<\/p>\n","protected":false},"excerpt":{"rendered":"<p>Bajo la visi\u00f3n de un gobierno humanista, que atienda las peticiones m\u00e1s sentidas en la sociedad, el Presidente Municipal, Jes\u00fas Valenciano, hizo entrega este martes del proyecto de embellecimiento en la zona escolar de Colonia Armend\u00e1riz. &nbsp; Se trata de un conjunto de banquetas perimetrales sobre la vialidad principal de esta localidad donde se encuentran 3 instituciones educativas, explic\u00f3 el Alcalde Valenciano y refrend\u00f3 su apoyo al comit\u00e9 de vecinos, padres de familia, alumnos y docentes, para mejorar las condiciones en la educaci\u00f3n. &nbsp; Resalt\u00f3 que esto es en respuesta a la solicitud de los directivos del Telebachillerato, Telesecundaria y Jard\u00edn de Ni\u00f1os, de esta colonia rural, as\u00ed como la techumbre donde se llev\u00f3 a cabo el evento, donaci\u00f3n de Gobierno Municipal. &nbsp; Por su parte Manuel Villanueva, presidente del consejo de Estacion\u00f3metros, record\u00f3 que todo lo recaudado en los parqu\u00edmetros de la ciudad de Delicias se destina a la infraestructura educativa y a la atenci\u00f3n de diferentes rubros de beneficencia social. &nbsp; Mientras que el director de la Telesecundaria \u201cPaulo Freire\u201d, Adri\u00e1n Gonz\u00e1lez, anfitri\u00f3n del evento, agradeci\u00f3 el apoyo al Alcalde Valenciano Garc\u00eda, y solicit\u00f3 en el momento \u00e1rboles para esta misma vialidad, a lo que el Edil respondi\u00f3 con una afirmativa y anticip\u00f3 que en los pr\u00f3ximos d\u00edas Parques y Jardines atender\u00e1 la solicitud para reforestar.<\/p>\n","protected":false},"author":2,"featured_media":459,"comment_status":"open","ping_status":"open","sticky":false,"template":"","format":"standard","meta":{"_monsterinsights_skip_tracking":false,"_monsterinsights_sitenote_active":false,"_monsterinsights_sitenote_note":"","_monsterinsights_sitenote_category":0,"advanced_seo_description":"","jetpack_seo_html_title":"","jetpack_seo_noindex":false,"_jetpack_memberships_contains_paid_content":false,"footnotes":"","jetpack_publicize_message":"","jetpack_publicize_feature_enabled":true,"jetpack_social_post_already_shared":true,"jetpack_social_options":{"image_generator_settings":{"template":"highway","enabled":false},"version":2}},"categories":[135,7,11],"tags":[],"class_list":["post-458","post","type-post","status-publish","format-standard","has-post-thumbnail","hentry","category-lo-mas-leido","category-local","category-principal"],"jetpack_publicize_connections":[],"jetpack_sharing_enabled":true,"jetpack_featured_media_url":"https:\/\/i0.wp.com\/alcierrenoticias.com\/wp-content\/uploads\/2023\/02\/WhatsApp-Image-2023-02-14-at-1.03.57-PM.jpeg?fit=1600%2C1056&ssl=1","amp_enabled":true,"_links":{"self":[{"href":"https:\/\/alcierrenoticias.com\/index.php\/wp-json\/wp\/v2\/posts\/458","targetHints":{"allow":["GET"]}}],"collection":[{"href":"https:\/\/alcierrenoticias.com\/index.php\/wp-json\/wp\/v2\/posts"}],"about":[{"href":"https:\/\/alcierrenoticias.com\/index.php\/wp-json\/wp\/v2\/types\/post"}],"author":[{"embeddable":true,"href":"https:\/\/alcierrenoticias.com\/index.php\/wp-json\/wp\/v2\/users\/2"}],"replies":[{"embeddable":true,"href":"https:\/\/alcierrenoticias.com\/index.php\/wp-json\/wp\/v2\/comments?post=458"}],"version-history":[{"count":1,"href":"https:\/\/alcierrenoticias.com\/index.php\/wp-json\/wp\/v2\/posts\/458\/revisions"}],"predecessor-version":[{"id":460,"href":"https:\/\/alcierrenoticias.com\/index.php\/wp-json\/wp\/v2\/posts\/458\/revisions\/460"}],"wp:featuredmedia":[{"embeddable":true,"href":"https:\/\/alcierrenoticias.com\/index.php\/wp-json\/wp\/v2\/media\/459"}],"wp:attachment":[{"href":"https:\/\/alcierrenoticias.com\/index.php\/wp-json\/wp\/v2\/media?parent=458"}],"wp:term":[{"taxonomy":"category","embeddable":true,"href":"https:\/\/alcierrenoticias.com\/index.php\/wp-json\/wp\/v2\/categories?post=458"},{"taxonomy":"post_tag","embeddable":true,"href":"https:\/\/alcierrenoticias.com\/index.php\/wp-json\/wp\/v2\/tags?post=458"}],"curies":[{"name":"wp","href":"https:\/\/api.w.org\/{rel}","templated":true}]}}