{"id":3970,"date":"2023-08-08T14:39:55","date_gmt":"2023-08-08T20:39:55","guid":{"rendered":"https:\/\/alcierrenoticias.com\/?p=3970"},"modified":"2023-08-08T14:39:55","modified_gmt":"2023-08-08T20:39:55","slug":"programa-en-tu-colonia-visita-fraccionamiento-labor-de-san-agustin","status":"publish","type":"post","link":"https:\/\/alcierrenoticias.com\/index.php\/2023\/08\/08\/programa-en-tu-colonia-visita-fraccionamiento-labor-de-san-agustin\/","title":{"rendered":"Programa \u201cEn Tu Colonia\u201d visita fraccionamiento Labor de San Agust\u00edn."},"content":{"rendered":"<p>Con la intenci\u00f3n de acercar a todos los sectores del municipio los diferentes servicios gratuitos de atenci\u00f3n m\u00e9dica a los vecinos, as\u00ed como desparasitaci\u00f3n y vacunaci\u00f3n a mascotas, en esta ocasi\u00f3n el programa \u201cEn Tu Colonia\u201d visitar\u00e1 el fraccionamiento Labor de San Agust\u00edn.<\/p>\n<p>As\u00ed lo declar\u00f3 Esteban Grajeola, coordinador de Participaci\u00f3n Ciudadana, explic\u00f3 que se instalar\u00e1n en la plaza de esta localidad, la cual se ubica entre la calle 5 de Julio y avenida Las Varas, hoy martes 08 de agosto a partir de las 6:30 de la tarde a donde se llevar\u00e1n los servicios se consulta m\u00e9dica, medicamento, examen de la vista y dotaci\u00f3n de anteojos, todo de manera gratuita.<\/p>\n<p>Agreg\u00f3 que a este programa se incorpora el \u00e1rea de Ecolog\u00eda del municipio con vacunaci\u00f3n y desparasitaci\u00f3n de mascotas, mientras el Instituto Municipal del Deporte y la Juventud (INMUDEJ) Delicias, ofrecer\u00e1 un torneo rel\u00e1mpago de f\u00fatbol para los ni\u00f1os y ni\u00f1as de la localidad.<\/p>\n","protected":false},"excerpt":{"rendered":"<p>Con la intenci\u00f3n de acercar a todos los sectores del municipio los diferentes servicios gratuitos de atenci\u00f3n m\u00e9dica a los vecinos, as\u00ed como desparasitaci\u00f3n y vacunaci\u00f3n a mascotas, en esta ocasi\u00f3n el programa \u201cEn Tu Colonia\u201d visitar\u00e1 el fraccionamiento Labor de San Agust\u00edn. As\u00ed lo declar\u00f3 Esteban Grajeola, coordinador de Participaci\u00f3n Ciudadana, explic\u00f3 que se instalar\u00e1n en la plaza de esta localidad, la cual se ubica entre la calle 5 de Julio y avenida Las Varas, hoy martes 08 de agosto a partir de las 6:30 de la tarde a donde se llevar\u00e1n los servicios se consulta m\u00e9dica, medicamento, examen de la vista y dotaci\u00f3n de anteojos, todo de manera gratuita. Agreg\u00f3 que a este programa se incorpora el \u00e1rea de Ecolog\u00eda del municipio con vacunaci\u00f3n y desparasitaci\u00f3n de mascotas, mientras el Instituto Municipal del Deporte y la Juventud (INMUDEJ) Delicias, ofrecer\u00e1 un torneo rel\u00e1mpago de f\u00fatbol para los ni\u00f1os y ni\u00f1as de la localidad.<\/p>\n","protected":false},"author":2,"featured_media":3971,"comment_status":"open","ping_status":"open","sticky":false,"template":"","format":"standard","meta":{"_monsterinsights_skip_tracking":false,"_monsterinsights_sitenote_active":false,"_monsterinsights_sitenote_note":"","_monsterinsights_sitenote_category":0,"advanced_seo_description":"","jetpack_seo_html_title":"","jetpack_seo_noindex":false,"_jetpack_memberships_contains_paid_content":false,"footnotes":"","jetpack_publicize_message":"","jetpack_publicize_feature_enabled":true,"jetpack_social_post_already_shared":true,"jetpack_social_options":{"image_generator_settings":{"template":"highway","enabled":false},"version":2}},"categories":[135,7,11],"tags":[],"class_list":["post-3970","post","type-post","status-publish","format-standard","has-post-thumbnail","hentry","category-lo-mas-leido","category-local","category-principal"],"jetpack_publicize_connections":[],"jetpack_sharing_enabled":true,"jetpack_featured_media_url":"https:\/\/i0.wp.com\/alcierrenoticias.com\/wp-content\/uploads\/2023\/08\/WhatsApp-Image-2023-08-08-at-9.25.25-AM.jpeg?fit=1600%2C1066&ssl=1","amp_enabled":true,"_links":{"self":[{"href":"https:\/\/alcierrenoticias.com\/index.php\/wp-json\/wp\/v2\/posts\/3970","targetHints":{"allow":["GET"]}}],"collection":[{"href":"https:\/\/alcierrenoticias.com\/index.php\/wp-json\/wp\/v2\/posts"}],"about":[{"href":"https:\/\/alcierrenoticias.com\/index.php\/wp-json\/wp\/v2\/types\/post"}],"author":[{"embeddable":true,"href":"https:\/\/alcierrenoticias.com\/index.php\/wp-json\/wp\/v2\/users\/2"}],"replies":[{"embeddable":true,"href":"https:\/\/alcierrenoticias.com\/index.php\/wp-json\/wp\/v2\/comments?post=3970"}],"version-history":[{"count":1,"href":"https:\/\/alcierrenoticias.com\/index.php\/wp-json\/wp\/v2\/posts\/3970\/revisions"}],"predecessor-version":[{"id":3972,"href":"https:\/\/alcierrenoticias.com\/index.php\/wp-json\/wp\/v2\/posts\/3970\/revisions\/3972"}],"wp:featuredmedia":[{"embeddable":true,"href":"https:\/\/alcierrenoticias.com\/index.php\/wp-json\/wp\/v2\/media\/3971"}],"wp:attachment":[{"href":"https:\/\/alcierrenoticias.com\/index.php\/wp-json\/wp\/v2\/media?parent=3970"}],"wp:term":[{"taxonomy":"category","embeddable":true,"href":"https:\/\/alcierrenoticias.com\/index.php\/wp-json\/wp\/v2\/categories?post=3970"},{"taxonomy":"post_tag","embeddable":true,"href":"https:\/\/alcierrenoticias.com\/index.php\/wp-json\/wp\/v2\/tags?post=3970"}],"curies":[{"name":"wp","href":"https:\/\/api.w.org\/{rel}","templated":true}]}}