{"id":3712,"date":"2023-07-24T17:22:32","date_gmt":"2023-07-24T23:22:32","guid":{"rendered":"https:\/\/alcierrenoticias.com\/?p=3712"},"modified":"2023-07-24T17:22:32","modified_gmt":"2023-07-24T23:22:32","slug":"immd-invita-a-curso-de-corte-de-cabello","status":"publish","type":"post","link":"https:\/\/alcierrenoticias.com\/index.php\/2023\/07\/24\/immd-invita-a-curso-de-corte-de-cabello\/","title":{"rendered":"IMMD invita a curso de corte de cabello."},"content":{"rendered":"<p>Con la finalidad de apoyar a la econom\u00eda familiar, Lorena Quezada, directora del Instituto Municipal de la Mujer Delicias (IMMD), invita al p\u00fablico en general mayores de 15 a\u00f1os, al curso de corte de cabello para caballero.<\/p>\n<p>Este taller se realiza en conjunto con el CECATI e inicia el 25 de julio en el Centro Comunitario de Linda Vista, con un costo de 200 pesos para solventar el gasto del kit de trabajo, explic\u00f3 la titular del IMMD.<\/p>\n<p>Mencion\u00f3 que las inscripciones siguen abiertas y que se reciben solicitudes en las instalaciones del CECATI, para iniciar este martes con la primera sesi\u00f3n, resalt\u00f3.<\/p>\n","protected":false},"excerpt":{"rendered":"<p>Con la finalidad de apoyar a la econom\u00eda familiar, Lorena Quezada, directora del Instituto Municipal de la Mujer Delicias (IMMD), invita al p\u00fablico en general mayores de 15 a\u00f1os, al curso de corte de cabello para caballero. Este taller se realiza en conjunto con el CECATI e inicia el 25 de julio en el Centro Comunitario de Linda Vista, con un costo de 200 pesos para solventar el gasto del kit de trabajo, explic\u00f3 la titular del IMMD. Mencion\u00f3 que las inscripciones siguen abiertas y que se reciben solicitudes en las instalaciones del CECATI, para iniciar este martes con la primera sesi\u00f3n, resalt\u00f3.<\/p>\n","protected":false},"author":2,"featured_media":3713,"comment_status":"open","ping_status":"open","sticky":false,"template":"","format":"standard","meta":{"_monsterinsights_skip_tracking":false,"_monsterinsights_sitenote_active":false,"_monsterinsights_sitenote_note":"","_monsterinsights_sitenote_category":0,"advanced_seo_description":"","jetpack_seo_html_title":"","jetpack_seo_noindex":false,"_jetpack_memberships_contains_paid_content":false,"footnotes":"","jetpack_publicize_message":"","jetpack_publicize_feature_enabled":true,"jetpack_social_post_already_shared":true,"jetpack_social_options":{"image_generator_settings":{"template":"highway","enabled":false},"version":2}},"categories":[135,7,11],"tags":[],"class_list":["post-3712","post","type-post","status-publish","format-standard","has-post-thumbnail","hentry","category-lo-mas-leido","category-local","category-principal"],"jetpack_publicize_connections":[],"jetpack_sharing_enabled":true,"jetpack_featured_media_url":"https:\/\/i0.wp.com\/alcierrenoticias.com\/wp-content\/uploads\/2023\/07\/WhatsApp-Image-2023-07-24-at-12.47.11-PM-e1690240887910.jpeg?fit=500%2C500&ssl=1","amp_enabled":true,"_links":{"self":[{"href":"https:\/\/alcierrenoticias.com\/index.php\/wp-json\/wp\/v2\/posts\/3712","targetHints":{"allow":["GET"]}}],"collection":[{"href":"https:\/\/alcierrenoticias.com\/index.php\/wp-json\/wp\/v2\/posts"}],"about":[{"href":"https:\/\/alcierrenoticias.com\/index.php\/wp-json\/wp\/v2\/types\/post"}],"author":[{"embeddable":true,"href":"https:\/\/alcierrenoticias.com\/index.php\/wp-json\/wp\/v2\/users\/2"}],"replies":[{"embeddable":true,"href":"https:\/\/alcierrenoticias.com\/index.php\/wp-json\/wp\/v2\/comments?post=3712"}],"version-history":[{"count":1,"href":"https:\/\/alcierrenoticias.com\/index.php\/wp-json\/wp\/v2\/posts\/3712\/revisions"}],"predecessor-version":[{"id":3714,"href":"https:\/\/alcierrenoticias.com\/index.php\/wp-json\/wp\/v2\/posts\/3712\/revisions\/3714"}],"wp:featuredmedia":[{"embeddable":true,"href":"https:\/\/alcierrenoticias.com\/index.php\/wp-json\/wp\/v2\/media\/3713"}],"wp:attachment":[{"href":"https:\/\/alcierrenoticias.com\/index.php\/wp-json\/wp\/v2\/media?parent=3712"}],"wp:term":[{"taxonomy":"category","embeddable":true,"href":"https:\/\/alcierrenoticias.com\/index.php\/wp-json\/wp\/v2\/categories?post=3712"},{"taxonomy":"post_tag","embeddable":true,"href":"https:\/\/alcierrenoticias.com\/index.php\/wp-json\/wp\/v2\/tags?post=3712"}],"curies":[{"name":"wp","href":"https:\/\/api.w.org\/{rel}","templated":true}]}}