{"id":3112,"date":"2023-06-19T13:52:11","date_gmt":"2023-06-19T19:52:11","guid":{"rendered":"https:\/\/alcierrenoticias.com\/?p=3112"},"modified":"2023-06-19T13:52:11","modified_gmt":"2023-06-19T19:52:11","slug":"importante-derrama-economica-en-delicias-por-proximo-campeonato-nacional-de-motocross","status":"publish","type":"post","link":"https:\/\/alcierrenoticias.com\/index.php\/2023\/06\/19\/importante-derrama-economica-en-delicias-por-proximo-campeonato-nacional-de-motocross\/","title":{"rendered":"Importante derrama econ\u00f3mica en Delicias por pr\u00f3ximo Campeonato Nacional de Motocross."},"content":{"rendered":"<p>Esta ma\u00f1ana se dio a conocer la log\u00edstica del Campeonato Nacional de Motocross 2023, que se llevar\u00e1 a cabo en el municipio de Delicias los d\u00edas 1 y 2 de julio.<\/p>\n<p>El anuncio fue encabezado por V\u00edctor Hugo Vieyra, Presidente de la Federaci\u00f3n Mexicana de Motocross; Jorge Rubalcaba, comisionado de la Federaci\u00f3n internacional de motocross; Jurek Rubalcaba, corredor internacional de El Paso Tx; Alfredo Aguirre guirre, Director del Instituto Municipal del Deporte y la Juventud; Jorge Alberto Flores, Presidente del Comit\u00e9 de Motocross y el Alcalde Jes\u00fas Valenciano.<\/p>\n<p>Los organizadores agradecieron al Presidente Municipal por su presencia, pero sobre todo el apoyo y atenciones que se ha tenido desde la administraci\u00f3n, para la realizaci\u00f3n de este evento los pr\u00f3ximos 1 y 2 de julio del a\u00f1o en curso.<\/p>\n<p>Por su parte V\u00edctor Hugo Vieyra, presidente de la Federaci\u00f3n Mexicana de Motocross, agradeci\u00f3 el apoyo para llevar a cabo de este magno evento, adem\u00e1s asegur\u00f3 que debido a la presencia de competidores de talla internacional, Delicias y la regi\u00f3n tendr\u00e1 una importante derrama econ\u00f3mica no solo durante los d\u00edas de competencia, ya que algunos competidores estar\u00e1n llegando desde d\u00edas antes a este municipio con la finalidad de conocer el lugar del circuito, adaptarse al clima y la comida, principalmente quienes nos visitaran de otros pa\u00edses; as\u00ed mismo, destac\u00f3 que esta competencia nunca se hab\u00eda realizado en el municipio de Delicias y en el Estado de Chihuahua no se realizaba desde el a\u00f1o 2015, \u201ces un honor y orgullo que se realice en el estado de chihuahua este evento, ya que yo soy de aqu\u00ed, adem\u00e1s el que se realice en esta ciudad, donde en los \u00faltimos a\u00f1os se ha caracterizado por hacer muy buenos eventos a nivel regional y estatal son de mucha calidad.\u201d, coment\u00f3.<\/p>\n<p>\u201cUna tarea importante para reactivar la econom\u00eda de Delicias y la Regi\u00f3n, era por medio de actividades que nos pudieran traer derrama econ\u00f3mica, en hoteler\u00eda, alimentaci\u00f3n y en alg\u00fan otro tipo de consumos\u201d, as\u00ed lo dijo el Alcalde Jes\u00fas Valenciano, adem\u00e1s comento que este tipo de competencias, debido a que son cien por ciento familiares, se espera puedan acudir a conocer lo que ofrece la regi\u00f3n centro sur del estado, \u201cesto nos permite situar a Delicias, en el \u00e1mbito importante para la derrama econ\u00f3mica que es importante para el pa\u00eds y el estado\u201d.<\/p>\n<p>Para finalizar, el edil agradeci\u00f3 a los organizadores por contemplar a Delicias para ser sede de tan importante evento, \u201csi algo nos ha caracterizado es que somos buenos anfitriones, echaremos la carne al asador para que esta competencia sea del nivel al que est\u00e1n acostumbrados y pr\u00f3ximamente nos vuelvan a contemplar\u201d.<\/p>\n","protected":false},"excerpt":{"rendered":"<p>Esta ma\u00f1ana se dio a conocer la log\u00edstica del Campeonato Nacional de Motocross 2023, que se llevar\u00e1 a cabo en el municipio de Delicias los d\u00edas 1 y 2 de julio. El anuncio fue encabezado por V\u00edctor Hugo Vieyra, Presidente de la Federaci\u00f3n Mexicana de Motocross; Jorge Rubalcaba, comisionado de la Federaci\u00f3n internacional de motocross; Jurek Rubalcaba, corredor internacional de El Paso Tx; Alfredo Aguirre guirre, Director del Instituto Municipal del Deporte y la Juventud; Jorge Alberto Flores, Presidente del Comit\u00e9 de Motocross y el Alcalde Jes\u00fas Valenciano. Los organizadores agradecieron al Presidente Municipal por su presencia, pero sobre todo el apoyo y atenciones que se ha tenido desde la administraci\u00f3n, para la realizaci\u00f3n de este evento los pr\u00f3ximos 1 y 2 de julio del a\u00f1o en curso. Por su parte V\u00edctor Hugo Vieyra, presidente de la Federaci\u00f3n Mexicana de Motocross, agradeci\u00f3 el apoyo para llevar a cabo de este magno evento, adem\u00e1s asegur\u00f3 que debido a la presencia de competidores de talla internacional, Delicias y la regi\u00f3n tendr\u00e1 una importante derrama econ\u00f3mica no solo durante los d\u00edas de competencia, ya que algunos competidores estar\u00e1n llegando desde d\u00edas antes a este municipio con la finalidad de conocer el lugar del circuito, adaptarse al clima y la comida, principalmente quienes nos visitaran de otros pa\u00edses; as\u00ed mismo, destac\u00f3 que esta competencia nunca se hab\u00eda realizado en el municipio de Delicias y en el Estado de Chihuahua no se realizaba desde el a\u00f1o 2015, \u201ces un honor y orgullo que se realice en el estado de chihuahua este evento, ya que yo soy de aqu\u00ed, adem\u00e1s el que se realice en esta ciudad, donde en los \u00faltimos a\u00f1os se ha caracterizado por hacer muy buenos eventos a nivel regional y estatal son de mucha calidad.\u201d, coment\u00f3. \u201cUna tarea importante para reactivar la econom\u00eda de Delicias y la Regi\u00f3n, era por medio de actividades que nos pudieran traer derrama econ\u00f3mica, en hoteler\u00eda, alimentaci\u00f3n y en alg\u00fan otro tipo de consumos\u201d, as\u00ed lo dijo el Alcalde Jes\u00fas Valenciano, adem\u00e1s comento que este tipo de competencias, debido a que son cien por ciento familiares, se espera puedan acudir a conocer lo que ofrece la regi\u00f3n centro sur del estado, \u201cesto nos permite situar a Delicias, en el \u00e1mbito importante para la derrama econ\u00f3mica que es importante para el pa\u00eds y el estado\u201d. Para finalizar, el edil agradeci\u00f3 a los organizadores por contemplar a Delicias para ser sede de tan importante evento, \u201csi algo nos ha caracterizado es que somos buenos anfitriones, echaremos la carne al asador para que esta competencia sea del nivel al que est\u00e1n acostumbrados y pr\u00f3ximamente nos vuelvan a contemplar\u201d.<\/p>\n","protected":false},"author":2,"featured_media":3113,"comment_status":"open","ping_status":"open","sticky":false,"template":"","format":"standard","meta":{"_monsterinsights_skip_tracking":false,"_monsterinsights_sitenote_active":false,"_monsterinsights_sitenote_note":"","_monsterinsights_sitenote_category":0,"advanced_seo_description":"","jetpack_seo_html_title":"","jetpack_seo_noindex":false,"_jetpack_memberships_contains_paid_content":false,"footnotes":"","jetpack_publicize_message":"","jetpack_publicize_feature_enabled":true,"jetpack_social_post_already_shared":true,"jetpack_social_options":{"image_generator_settings":{"template":"highway","enabled":false},"version":2}},"categories":[135,7,11],"tags":[],"class_list":["post-3112","post","type-post","status-publish","format-standard","has-post-thumbnail","hentry","category-lo-mas-leido","category-local","category-principal"],"jetpack_publicize_connections":[],"jetpack_sharing_enabled":true,"jetpack_featured_media_url":"https:\/\/i0.wp.com\/alcierrenoticias.com\/wp-content\/uploads\/2023\/06\/WhatsApp-Image-2023-06-19-at-12.48.52-PM.jpeg?fit=1024%2C682&ssl=1","amp_enabled":true,"_links":{"self":[{"href":"https:\/\/alcierrenoticias.com\/index.php\/wp-json\/wp\/v2\/posts\/3112","targetHints":{"allow":["GET"]}}],"collection":[{"href":"https:\/\/alcierrenoticias.com\/index.php\/wp-json\/wp\/v2\/posts"}],"about":[{"href":"https:\/\/alcierrenoticias.com\/index.php\/wp-json\/wp\/v2\/types\/post"}],"author":[{"embeddable":true,"href":"https:\/\/alcierrenoticias.com\/index.php\/wp-json\/wp\/v2\/users\/2"}],"replies":[{"embeddable":true,"href":"https:\/\/alcierrenoticias.com\/index.php\/wp-json\/wp\/v2\/comments?post=3112"}],"version-history":[{"count":1,"href":"https:\/\/alcierrenoticias.com\/index.php\/wp-json\/wp\/v2\/posts\/3112\/revisions"}],"predecessor-version":[{"id":3114,"href":"https:\/\/alcierrenoticias.com\/index.php\/wp-json\/wp\/v2\/posts\/3112\/revisions\/3114"}],"wp:featuredmedia":[{"embeddable":true,"href":"https:\/\/alcierrenoticias.com\/index.php\/wp-json\/wp\/v2\/media\/3113"}],"wp:attachment":[{"href":"https:\/\/alcierrenoticias.com\/index.php\/wp-json\/wp\/v2\/media?parent=3112"}],"wp:term":[{"taxonomy":"category","embeddable":true,"href":"https:\/\/alcierrenoticias.com\/index.php\/wp-json\/wp\/v2\/categories?post=3112"},{"taxonomy":"post_tag","embeddable":true,"href":"https:\/\/alcierrenoticias.com\/index.php\/wp-json\/wp\/v2\/tags?post=3112"}],"curies":[{"name":"wp","href":"https:\/\/api.w.org\/{rel}","templated":true}]}}