{"id":3015,"date":"2023-06-12T15:59:31","date_gmt":"2023-06-12T21:59:31","guid":{"rendered":"https:\/\/alcierrenoticias.com\/?p=3015"},"modified":"2023-06-12T15:59:31","modified_gmt":"2023-06-12T21:59:31","slug":"gobierno-municipal-de-meoqui-y-heineken-crean-alianza-para-limpieza-del-rio-san-pedro","status":"publish","type":"post","link":"https:\/\/alcierrenoticias.com\/index.php\/2023\/06\/12\/gobierno-municipal-de-meoqui-y-heineken-crean-alianza-para-limpieza-del-rio-san-pedro\/","title":{"rendered":"Gobierno Municipal de Meoqui y Heineken crean alianza para limpieza del R\u00edo San Pedro."},"content":{"rendered":"<p>La empresa cervecera se sum\u00f3 a las acciones que realiza Presidencia Municipal para conservar el Sitio Ramsar 2047<\/p>\n<p>Desde el inicio de la administraci\u00f3n de la alcaldesa Miriam Soto en Meoqui, iniciaron los trabajos de concienciaci\u00f3n, conseravaci\u00f3n y limpieza en el R\u00edo San Pedro, y este s\u00e1bado, la Cervecer\u00eda Heineken se uni\u00f3 a los esfuerzos para realizar estos trabajos en el Sitio Ramsar 2047, donde sociedad civil, gobierno e iniciativa privada laboraron con el objetivo de preservar este espacio de importancia internacional.<\/p>\n<p>\u201cPor instrucciones de la alcaldesa Miriam Soto tenemos una campa\u00f1a de limpieza permanente en el R\u00edo San Pedro y afortunadamente en esta ocasi\u00f3n se suma la empresa Heineken\u201d, inform\u00f3 Hassem Pe\u00f1a, director de Desarrollo Urbano y Ecolog\u00eda, quien hizo la invitaci\u00f3n a empresas e instituciones para que se unan a esta causa.<\/p>\n<p>Por su parte, el director de General de Heineken Meoqui, Felipe Vizca\u00edno, resalt\u00f3 que con este tipo de actividades buscan retribuir al municipio un poco de lo que les brinda, y precis\u00f3: \u201cGracias a todos ustedes por participar en este evento, definitivamente siempre queremos sumar a la comunidad, parte de nuestra responsabilidad como cervecer\u00eda es que cada vez seamos una industria m\u00e1s limpia, pero sobre todo hacer de nuestro mundo uno mejor\u201d.<\/p>\n<p>Esta Campa\u00f1a de Limpieza se realiza cada 15 d\u00edas con apoyo de alumnos del CBTa 147, quienes hacen su servicio social en esta esta actividad y adem\u00e1s, semanalmente el Gobierno Municipal de Meoqui a trav\u00e9s de la direcci\u00f3n de Servicios P\u00fablicos Municipales realizan trabajos de aseo en el R\u00edo San Pedro.<\/p>\n","protected":false},"excerpt":{"rendered":"<p>La empresa cervecera se sum\u00f3 a las acciones que realiza Presidencia Municipal para conservar el Sitio Ramsar 2047 Desde el inicio de la administraci\u00f3n de la alcaldesa Miriam Soto en Meoqui, iniciaron los trabajos de concienciaci\u00f3n, conseravaci\u00f3n y limpieza en el R\u00edo San Pedro, y este s\u00e1bado, la Cervecer\u00eda Heineken se uni\u00f3 a los esfuerzos para realizar estos trabajos en el Sitio Ramsar 2047, donde sociedad civil, gobierno e iniciativa privada laboraron con el objetivo de preservar este espacio de importancia internacional. \u201cPor instrucciones de la alcaldesa Miriam Soto tenemos una campa\u00f1a de limpieza permanente en el R\u00edo San Pedro y afortunadamente en esta ocasi\u00f3n se suma la empresa Heineken\u201d, inform\u00f3 Hassem Pe\u00f1a, director de Desarrollo Urbano y Ecolog\u00eda, quien hizo la invitaci\u00f3n a empresas e instituciones para que se unan a esta causa. Por su parte, el director de General de Heineken Meoqui, Felipe Vizca\u00edno, resalt\u00f3 que con este tipo de actividades buscan retribuir al municipio un poco de lo que les brinda, y precis\u00f3: \u201cGracias a todos ustedes por participar en este evento, definitivamente siempre queremos sumar a la comunidad, parte de nuestra responsabilidad como cervecer\u00eda es que cada vez seamos una industria m\u00e1s limpia, pero sobre todo hacer de nuestro mundo uno mejor\u201d. Esta Campa\u00f1a de Limpieza se realiza cada 15 d\u00edas con apoyo de alumnos del CBTa 147, quienes hacen su servicio social en esta esta actividad y adem\u00e1s, semanalmente el Gobierno Municipal de Meoqui a trav\u00e9s de la direcci\u00f3n de Servicios P\u00fablicos Municipales realizan trabajos de aseo en el R\u00edo San Pedro.<\/p>\n","protected":false},"author":2,"featured_media":3016,"comment_status":"open","ping_status":"open","sticky":false,"template":"","format":"standard","meta":{"_monsterinsights_skip_tracking":false,"_monsterinsights_sitenote_active":false,"_monsterinsights_sitenote_note":"","_monsterinsights_sitenote_category":0,"advanced_seo_description":"","jetpack_seo_html_title":"","jetpack_seo_noindex":false,"_jetpack_memberships_contains_paid_content":false,"footnotes":"","jetpack_publicize_message":"","jetpack_publicize_feature_enabled":true,"jetpack_social_post_already_shared":true,"jetpack_social_options":{"image_generator_settings":{"template":"highway","enabled":false},"version":2}},"categories":[135,7,11],"tags":[],"class_list":["post-3015","post","type-post","status-publish","format-standard","has-post-thumbnail","hentry","category-lo-mas-leido","category-local","category-principal"],"jetpack_publicize_connections":[],"jetpack_sharing_enabled":true,"jetpack_featured_media_url":"https:\/\/i0.wp.com\/alcierrenoticias.com\/wp-content\/uploads\/2023\/06\/WhatsApp-Image-2023-06-10-at-5.24.40-PM.jpeg?fit=1600%2C900&ssl=1","amp_enabled":true,"_links":{"self":[{"href":"https:\/\/alcierrenoticias.com\/index.php\/wp-json\/wp\/v2\/posts\/3015","targetHints":{"allow":["GET"]}}],"collection":[{"href":"https:\/\/alcierrenoticias.com\/index.php\/wp-json\/wp\/v2\/posts"}],"about":[{"href":"https:\/\/alcierrenoticias.com\/index.php\/wp-json\/wp\/v2\/types\/post"}],"author":[{"embeddable":true,"href":"https:\/\/alcierrenoticias.com\/index.php\/wp-json\/wp\/v2\/users\/2"}],"replies":[{"embeddable":true,"href":"https:\/\/alcierrenoticias.com\/index.php\/wp-json\/wp\/v2\/comments?post=3015"}],"version-history":[{"count":1,"href":"https:\/\/alcierrenoticias.com\/index.php\/wp-json\/wp\/v2\/posts\/3015\/revisions"}],"predecessor-version":[{"id":3017,"href":"https:\/\/alcierrenoticias.com\/index.php\/wp-json\/wp\/v2\/posts\/3015\/revisions\/3017"}],"wp:featuredmedia":[{"embeddable":true,"href":"https:\/\/alcierrenoticias.com\/index.php\/wp-json\/wp\/v2\/media\/3016"}],"wp:attachment":[{"href":"https:\/\/alcierrenoticias.com\/index.php\/wp-json\/wp\/v2\/media?parent=3015"}],"wp:term":[{"taxonomy":"category","embeddable":true,"href":"https:\/\/alcierrenoticias.com\/index.php\/wp-json\/wp\/v2\/categories?post=3015"},{"taxonomy":"post_tag","embeddable":true,"href":"https:\/\/alcierrenoticias.com\/index.php\/wp-json\/wp\/v2\/tags?post=3015"}],"curies":[{"name":"wp","href":"https:\/\/api.w.org\/{rel}","templated":true}]}}