{"id":2870,"date":"2023-06-02T23:54:36","date_gmt":"2023-06-03T05:54:36","guid":{"rendered":"https:\/\/alcierrenoticias.com\/?p=2870"},"modified":"2023-06-02T23:54:36","modified_gmt":"2023-06-03T05:54:36","slug":"con-mas-de-500-vacantes-inicia-en-meoqui-la-feria-municipal-del-empleo-2023","status":"publish","type":"post","link":"https:\/\/alcierrenoticias.com\/index.php\/2023\/06\/02\/con-mas-de-500-vacantes-inicia-en-meoqui-la-feria-municipal-del-empleo-2023\/","title":{"rendered":"Con m\u00e1s de 500 vacantes inicia en Meoqui la Feria Municipal del Empleo 2023."},"content":{"rendered":"<p><em>12 empresas ofertar\u00e1n los puestos disponibles de 10:00 AM a 1:00 PM en explanada de Presidencia Municipal <\/em><\/p>\n<p>Con m\u00e1s de 500 vacantes da inicio la Feria Municipal del Empleo 2023 en Meoqui, donde 12 empresas estar\u00e1n ofreciendo los puestos disponibles en la explanada de Presidencia Municipal, de 10:00 de la ma\u00f1ana a 1:00 de la tarde, esto organizado por el Gobierno Municipal de Meoqui a trav\u00e9s de la direcci\u00f3n de Desarrollo Econ\u00f3mico y Turismo, quienes hacen la invitaci\u00f3n extensiva a la poblaci\u00f3n en general.<\/p>\n<p>&nbsp;<\/p>\n<p>El director de Desarrollo Econ\u00f3mico y Turismo, Alan Mata, comparti\u00f3 que el brindar este tipo de oportunidades es una encomienda de la alcaldesa Miriam Soto, resaltando que en el municipio cuentan con el Servicio Municipal de Empleo durante todo el a\u00f1o y en esta ocasi\u00f3n empresas de Meoqui y la regi\u00f3n, se acercan en este punto espec\u00edfico para ofrecer m\u00e1s de 500 vacantes a la poblaci\u00f3n en general.<\/p>\n<p>&nbsp;<\/p>\n<p>Heineken, Malteurop, Refrescos Uni\u00f3n, Lear, Aptiv, Coppel, Alphabet, Secorp, Lalo Muebler\u00eda, Maxi Materiales, Allimpro, Vichisa, entre otras, son las empresas que estar\u00e1n ofertando sus vacantes en esta Feria del Empleo, por lo que se solicita a los interesados acudir con los requisitos siguientes:<\/p>\n<ul>\n<li>Copia de la credencial de elector<\/li>\n<li>Solicitud o curr\u00edculum elaborado<\/li>\n<\/ul>\n","protected":false},"excerpt":{"rendered":"<p>12 empresas ofertar\u00e1n los puestos disponibles de 10:00 AM a 1:00 PM en explanada de Presidencia Municipal Con m\u00e1s de 500 vacantes da inicio la Feria Municipal del Empleo 2023 en Meoqui, donde 12 empresas estar\u00e1n ofreciendo los puestos disponibles en la explanada de Presidencia Municipal, de 10:00 de la ma\u00f1ana a 1:00 de la tarde, esto organizado por el Gobierno Municipal de Meoqui a trav\u00e9s de la direcci\u00f3n de Desarrollo Econ\u00f3mico y Turismo, quienes hacen la invitaci\u00f3n extensiva a la poblaci\u00f3n en general. &nbsp; El director de Desarrollo Econ\u00f3mico y Turismo, Alan Mata, comparti\u00f3 que el brindar este tipo de oportunidades es una encomienda de la alcaldesa Miriam Soto, resaltando que en el municipio cuentan con el Servicio Municipal de Empleo durante todo el a\u00f1o y en esta ocasi\u00f3n empresas de Meoqui y la regi\u00f3n, se acercan en este punto espec\u00edfico para ofrecer m\u00e1s de 500 vacantes a la poblaci\u00f3n en general. &nbsp; Heineken, Malteurop, Refrescos Uni\u00f3n, Lear, Aptiv, Coppel, Alphabet, Secorp, Lalo Muebler\u00eda, Maxi Materiales, Allimpro, Vichisa, entre otras, son las empresas que estar\u00e1n ofertando sus vacantes en esta Feria del Empleo, por lo que se solicita a los interesados acudir con los requisitos siguientes: Copia de la credencial de elector Solicitud o curr\u00edculum elaborado<\/p>\n","protected":false},"author":2,"featured_media":2871,"comment_status":"open","ping_status":"open","sticky":false,"template":"","format":"standard","meta":{"_monsterinsights_skip_tracking":false,"_monsterinsights_sitenote_active":false,"_monsterinsights_sitenote_note":"","_monsterinsights_sitenote_category":0,"advanced_seo_description":"","jetpack_seo_html_title":"","jetpack_seo_noindex":false,"_jetpack_memberships_contains_paid_content":false,"footnotes":"","jetpack_publicize_message":"","jetpack_publicize_feature_enabled":true,"jetpack_social_post_already_shared":true,"jetpack_social_options":{"image_generator_settings":{"template":"highway","enabled":false},"version":2}},"categories":[135,7,11],"tags":[],"class_list":["post-2870","post","type-post","status-publish","format-standard","has-post-thumbnail","hentry","category-lo-mas-leido","category-local","category-principal"],"jetpack_publicize_connections":[],"jetpack_sharing_enabled":true,"jetpack_featured_media_url":"https:\/\/i0.wp.com\/alcierrenoticias.com\/wp-content\/uploads\/2023\/06\/WhatsApp-Image-2023-06-02-at-12.49.29-PM-1.jpeg?fit=1024%2C576&ssl=1","amp_enabled":true,"_links":{"self":[{"href":"https:\/\/alcierrenoticias.com\/index.php\/wp-json\/wp\/v2\/posts\/2870","targetHints":{"allow":["GET"]}}],"collection":[{"href":"https:\/\/alcierrenoticias.com\/index.php\/wp-json\/wp\/v2\/posts"}],"about":[{"href":"https:\/\/alcierrenoticias.com\/index.php\/wp-json\/wp\/v2\/types\/post"}],"author":[{"embeddable":true,"href":"https:\/\/alcierrenoticias.com\/index.php\/wp-json\/wp\/v2\/users\/2"}],"replies":[{"embeddable":true,"href":"https:\/\/alcierrenoticias.com\/index.php\/wp-json\/wp\/v2\/comments?post=2870"}],"version-history":[{"count":1,"href":"https:\/\/alcierrenoticias.com\/index.php\/wp-json\/wp\/v2\/posts\/2870\/revisions"}],"predecessor-version":[{"id":2872,"href":"https:\/\/alcierrenoticias.com\/index.php\/wp-json\/wp\/v2\/posts\/2870\/revisions\/2872"}],"wp:featuredmedia":[{"embeddable":true,"href":"https:\/\/alcierrenoticias.com\/index.php\/wp-json\/wp\/v2\/media\/2871"}],"wp:attachment":[{"href":"https:\/\/alcierrenoticias.com\/index.php\/wp-json\/wp\/v2\/media?parent=2870"}],"wp:term":[{"taxonomy":"category","embeddable":true,"href":"https:\/\/alcierrenoticias.com\/index.php\/wp-json\/wp\/v2\/categories?post=2870"},{"taxonomy":"post_tag","embeddable":true,"href":"https:\/\/alcierrenoticias.com\/index.php\/wp-json\/wp\/v2\/tags?post=2870"}],"curies":[{"name":"wp","href":"https:\/\/api.w.org\/{rel}","templated":true}]}}