{"id":2863,"date":"2023-06-02T23:51:02","date_gmt":"2023-06-03T05:51:02","guid":{"rendered":"https:\/\/alcierrenoticias.com\/?p=2863"},"modified":"2023-06-02T23:51:02","modified_gmt":"2023-06-03T05:51:02","slug":"anuncia-presidencia-delicias-cierre-de-vialidad-por-pavimentacion","status":"publish","type":"post","link":"https:\/\/alcierrenoticias.com\/index.php\/2023\/06\/02\/anuncia-presidencia-delicias-cierre-de-vialidad-por-pavimentacion\/","title":{"rendered":"Anuncia Presidencia Delicias cierre de vialidad por pavimentaci\u00f3n."},"content":{"rendered":"<p>Con la intenci\u00f3n de abonar a la visi\u00f3n de mejores vialidades para Delicias, el Presidente Municipal, Jes\u00fas Valenciano, instruy\u00f3 a Erick Rodr\u00edguez, coordinador operativo de Vialidad, informar sobre el cierre temporal de la avenida R\u00edo San Pedro.<\/p>\n<p>Se trata del tramo que se encuentra entre glorieta Ni\u00f1os H\u00e9roes y la glorieta Manuel G\u00f3mez Mor\u00edn, en sentido de norte a sur, esto debido a que se trabajar\u00e1 con la pavimentaci\u00f3n en el sentido opuesto, y dem\u00e1s obras de infraestructura que ejecuta el gobierno Municipal y Estatal, como parte del plan de inversi\u00f3n para la rehabilitaci\u00f3n de las calles.<\/p>\n<p>Resalt\u00f3 ser este uno de los tramos m\u00e1s importantes y que se trabaja en conjunto con Vialidad y el departamento de obras P\u00fablicas Municipales, recomend\u00f3 a la ciudadan\u00eda tomar las debidas precauciones de traslado y que utilicen las rutas alternas, se\u00f1alizadas en las avenidas Quinta Sur y D\u00e9cima Sur.<\/p>\n<p>Finalmente asegur\u00f3 que a m\u00e1s tardar 2 semanas se reanudaran actividades, y anticip\u00f3 que se informar\u00e1 con precisi\u00f3n sobre el avance de los trabajos de pavimentaci\u00f3n vigentes en el municipio.<\/p>\n","protected":false},"excerpt":{"rendered":"<p>Con la intenci\u00f3n de abonar a la visi\u00f3n de mejores vialidades para Delicias, el Presidente Municipal, Jes\u00fas Valenciano, instruy\u00f3 a Erick Rodr\u00edguez, coordinador operativo de Vialidad, informar sobre el cierre temporal de la avenida R\u00edo San Pedro. Se trata del tramo que se encuentra entre glorieta Ni\u00f1os H\u00e9roes y la glorieta Manuel G\u00f3mez Mor\u00edn, en sentido de norte a sur, esto debido a que se trabajar\u00e1 con la pavimentaci\u00f3n en el sentido opuesto, y dem\u00e1s obras de infraestructura que ejecuta el gobierno Municipal y Estatal, como parte del plan de inversi\u00f3n para la rehabilitaci\u00f3n de las calles. Resalt\u00f3 ser este uno de los tramos m\u00e1s importantes y que se trabaja en conjunto con Vialidad y el departamento de obras P\u00fablicas Municipales, recomend\u00f3 a la ciudadan\u00eda tomar las debidas precauciones de traslado y que utilicen las rutas alternas, se\u00f1alizadas en las avenidas Quinta Sur y D\u00e9cima Sur. Finalmente asegur\u00f3 que a m\u00e1s tardar 2 semanas se reanudaran actividades, y anticip\u00f3 que se informar\u00e1 con precisi\u00f3n sobre el avance de los trabajos de pavimentaci\u00f3n vigentes en el municipio.<\/p>\n","protected":false},"author":2,"featured_media":2866,"comment_status":"open","ping_status":"open","sticky":false,"template":"","format":"standard","meta":{"_monsterinsights_skip_tracking":false,"_monsterinsights_sitenote_active":false,"_monsterinsights_sitenote_note":"","_monsterinsights_sitenote_category":0,"advanced_seo_description":"","jetpack_seo_html_title":"","jetpack_seo_noindex":false,"_jetpack_memberships_contains_paid_content":false,"footnotes":"","jetpack_publicize_message":"","jetpack_publicize_feature_enabled":true,"jetpack_social_post_already_shared":true,"jetpack_social_options":{"image_generator_settings":{"template":"highway","enabled":false},"version":2}},"categories":[135,7,11],"tags":[],"class_list":["post-2863","post","type-post","status-publish","format-standard","has-post-thumbnail","hentry","category-lo-mas-leido","category-local","category-principal"],"jetpack_publicize_connections":[],"jetpack_sharing_enabled":true,"jetpack_featured_media_url":"https:\/\/i0.wp.com\/alcierrenoticias.com\/wp-content\/uploads\/2023\/06\/WhatsApp-Image-2023-06-02-at-10.32.20-AM-1-e1685771438467.jpeg?fit=350%2C438&ssl=1","amp_enabled":true,"_links":{"self":[{"href":"https:\/\/alcierrenoticias.com\/index.php\/wp-json\/wp\/v2\/posts\/2863","targetHints":{"allow":["GET"]}}],"collection":[{"href":"https:\/\/alcierrenoticias.com\/index.php\/wp-json\/wp\/v2\/posts"}],"about":[{"href":"https:\/\/alcierrenoticias.com\/index.php\/wp-json\/wp\/v2\/types\/post"}],"author":[{"embeddable":true,"href":"https:\/\/alcierrenoticias.com\/index.php\/wp-json\/wp\/v2\/users\/2"}],"replies":[{"embeddable":true,"href":"https:\/\/alcierrenoticias.com\/index.php\/wp-json\/wp\/v2\/comments?post=2863"}],"version-history":[{"count":1,"href":"https:\/\/alcierrenoticias.com\/index.php\/wp-json\/wp\/v2\/posts\/2863\/revisions"}],"predecessor-version":[{"id":2865,"href":"https:\/\/alcierrenoticias.com\/index.php\/wp-json\/wp\/v2\/posts\/2863\/revisions\/2865"}],"wp:featuredmedia":[{"embeddable":true,"href":"https:\/\/alcierrenoticias.com\/index.php\/wp-json\/wp\/v2\/media\/2866"}],"wp:attachment":[{"href":"https:\/\/alcierrenoticias.com\/index.php\/wp-json\/wp\/v2\/media?parent=2863"}],"wp:term":[{"taxonomy":"category","embeddable":true,"href":"https:\/\/alcierrenoticias.com\/index.php\/wp-json\/wp\/v2\/categories?post=2863"},{"taxonomy":"post_tag","embeddable":true,"href":"https:\/\/alcierrenoticias.com\/index.php\/wp-json\/wp\/v2\/tags?post=2863"}],"curies":[{"name":"wp","href":"https:\/\/api.w.org\/{rel}","templated":true}]}}