{"id":2775,"date":"2023-05-29T18:10:09","date_gmt":"2023-05-30T00:10:09","guid":{"rendered":"https:\/\/alcierrenoticias.com\/?p=2775"},"modified":"2023-05-29T18:10:09","modified_gmt":"2023-05-30T00:10:09","slug":"en-marcha-la-campana-de-vacunacion-contra-el-vph-en-meoqui","status":"publish","type":"post","link":"https:\/\/alcierrenoticias.com\/index.php\/2023\/05\/29\/en-marcha-la-campana-de-vacunacion-contra-el-vph-en-meoqui\/","title":{"rendered":"En marcha la Campa\u00f1a de Vacunaci\u00f3n Contra el VPH en Meoqui."},"content":{"rendered":"<p><em>Cuentan con 100 dosis para aplicar a ni\u00f1as entre 13 y 14 a\u00f1os, en la Cl\u00ednica 12 del IMSS<\/em><\/p>\n<p>Con el objetivo de prevenir el Virus del Papiloma Humano (VPH), en el municipio de Meoqui se puso en marcha la Campa\u00f1a de Vacunaci\u00f3n Contra el VPH, con la cual buscan inmunizar contra este virus a las ni\u00f1as de entre 13 y 14 a\u00f1os de edad, por lo que dieron a conocer que se cuenta con 100 dosis para aplicar en la Cl\u00ednica 12 del Instituto Mexicano del Seguro Social (IMSS).<\/p>\n<p>\u201cCon esta campa\u00f1a se podr\u00e1 vacunar a ni\u00f1as que no hayan recibido ninguna dosis, en edades entre 13 y 14 a\u00f1os, ahorita est\u00e1n disponibles en Medicina Preventiva, esperamos que pasen la voz para difundir esta informaci\u00f3n\u201d, inform\u00f3 M\u00f3nica Dom\u00ednguez, enfermera especialista de la Cl\u00ednica 12 del IMSS, durante la reuni\u00f3n del Comit\u00e9 Municipal de Salud de Meoqui, resaltando que han obtenido todo el apoyo de la alcaldesa Miriam Soto en cualquier acci\u00f3n que beneficie la salud de las familias meoquenses.<\/p>\n<p>De igual manera, la enfermera comparti\u00f3 que los interesados podr\u00e1n acudir a la cl\u00ednica en un horario de 8:00 de la ma\u00f1ana a 7:00 de la ma\u00f1ana y agreg\u00f3 que no cuentan con un tiempo l\u00edmite en esta Campa\u00f1a, puesto que culminar\u00e1 hasta que se terminen las dosis con las que cuentan en la unidad.<\/p>\n<p>Adem\u00e1s, indic\u00f3 que para aplicar la vacuna deber\u00e1n llevar los requisitos siguientes:<\/p>\n<ul>\n<li>Carnet de Vacunaci\u00f3n<\/li>\n<li>CURP de la menor<\/li>\n<li>Nombre de la escuela<\/li>\n<li>No hayan recibido dosis previa<\/li>\n<\/ul>\n","protected":false},"excerpt":{"rendered":"<p>Cuentan con 100 dosis para aplicar a ni\u00f1as entre 13 y 14 a\u00f1os, en la Cl\u00ednica 12 del IMSS Con el objetivo de prevenir el Virus del Papiloma Humano (VPH), en el municipio de Meoqui se puso en marcha la Campa\u00f1a de Vacunaci\u00f3n Contra el VPH, con la cual buscan inmunizar contra este virus a las ni\u00f1as de entre 13 y 14 a\u00f1os de edad, por lo que dieron a conocer que se cuenta con 100 dosis para aplicar en la Cl\u00ednica 12 del Instituto Mexicano del Seguro Social (IMSS). \u201cCon esta campa\u00f1a se podr\u00e1 vacunar a ni\u00f1as que no hayan recibido ninguna dosis, en edades entre 13 y 14 a\u00f1os, ahorita est\u00e1n disponibles en Medicina Preventiva, esperamos que pasen la voz para difundir esta informaci\u00f3n\u201d, inform\u00f3 M\u00f3nica Dom\u00ednguez, enfermera especialista de la Cl\u00ednica 12 del IMSS, durante la reuni\u00f3n del Comit\u00e9 Municipal de Salud de Meoqui, resaltando que han obtenido todo el apoyo de la alcaldesa Miriam Soto en cualquier acci\u00f3n que beneficie la salud de las familias meoquenses. De igual manera, la enfermera comparti\u00f3 que los interesados podr\u00e1n acudir a la cl\u00ednica en un horario de 8:00 de la ma\u00f1ana a 7:00 de la ma\u00f1ana y agreg\u00f3 que no cuentan con un tiempo l\u00edmite en esta Campa\u00f1a, puesto que culminar\u00e1 hasta que se terminen las dosis con las que cuentan en la unidad. Adem\u00e1s, indic\u00f3 que para aplicar la vacuna deber\u00e1n llevar los requisitos siguientes: Carnet de Vacunaci\u00f3n CURP de la menor Nombre de la escuela No hayan recibido dosis previa<\/p>\n","protected":false},"author":2,"featured_media":2776,"comment_status":"open","ping_status":"open","sticky":false,"template":"","format":"standard","meta":{"_monsterinsights_skip_tracking":false,"_monsterinsights_sitenote_active":false,"_monsterinsights_sitenote_note":"","_monsterinsights_sitenote_category":0,"advanced_seo_description":"","jetpack_seo_html_title":"","jetpack_seo_noindex":false,"_jetpack_memberships_contains_paid_content":false,"footnotes":"","jetpack_publicize_message":"","jetpack_publicize_feature_enabled":true,"jetpack_social_post_already_shared":true,"jetpack_social_options":{"image_generator_settings":{"template":"highway","enabled":false},"version":2}},"categories":[135,7,11],"tags":[],"class_list":["post-2775","post","type-post","status-publish","format-standard","has-post-thumbnail","hentry","category-lo-mas-leido","category-local","category-principal"],"jetpack_publicize_connections":[],"jetpack_sharing_enabled":true,"jetpack_featured_media_url":"https:\/\/i0.wp.com\/alcierrenoticias.com\/wp-content\/uploads\/2023\/05\/WhatsApp-Image-2023-05-29-at-5.15.36-PM.jpeg?fit=1022%2C706&ssl=1","amp_enabled":true,"_links":{"self":[{"href":"https:\/\/alcierrenoticias.com\/index.php\/wp-json\/wp\/v2\/posts\/2775","targetHints":{"allow":["GET"]}}],"collection":[{"href":"https:\/\/alcierrenoticias.com\/index.php\/wp-json\/wp\/v2\/posts"}],"about":[{"href":"https:\/\/alcierrenoticias.com\/index.php\/wp-json\/wp\/v2\/types\/post"}],"author":[{"embeddable":true,"href":"https:\/\/alcierrenoticias.com\/index.php\/wp-json\/wp\/v2\/users\/2"}],"replies":[{"embeddable":true,"href":"https:\/\/alcierrenoticias.com\/index.php\/wp-json\/wp\/v2\/comments?post=2775"}],"version-history":[{"count":2,"href":"https:\/\/alcierrenoticias.com\/index.php\/wp-json\/wp\/v2\/posts\/2775\/revisions"}],"predecessor-version":[{"id":2778,"href":"https:\/\/alcierrenoticias.com\/index.php\/wp-json\/wp\/v2\/posts\/2775\/revisions\/2778"}],"wp:featuredmedia":[{"embeddable":true,"href":"https:\/\/alcierrenoticias.com\/index.php\/wp-json\/wp\/v2\/media\/2776"}],"wp:attachment":[{"href":"https:\/\/alcierrenoticias.com\/index.php\/wp-json\/wp\/v2\/media?parent=2775"}],"wp:term":[{"taxonomy":"category","embeddable":true,"href":"https:\/\/alcierrenoticias.com\/index.php\/wp-json\/wp\/v2\/categories?post=2775"},{"taxonomy":"post_tag","embeddable":true,"href":"https:\/\/alcierrenoticias.com\/index.php\/wp-json\/wp\/v2\/tags?post=2775"}],"curies":[{"name":"wp","href":"https:\/\/api.w.org\/{rel}","templated":true}]}}