{"id":2672,"date":"2023-05-24T17:58:28","date_gmt":"2023-05-24T23:58:28","guid":{"rendered":"https:\/\/alcierrenoticias.com\/?p=2672"},"modified":"2023-05-24T17:58:28","modified_gmt":"2023-05-24T23:58:28","slug":"apoyaran-a-productores-meoquenses-con-12-mil-contenedores-de-insectos-beneficos-para-control-de-plagas","status":"publish","type":"post","link":"https:\/\/alcierrenoticias.com\/index.php\/2023\/05\/24\/apoyaran-a-productores-meoquenses-con-12-mil-contenedores-de-insectos-beneficos-para-control-de-plagas\/","title":{"rendered":"Apoyar\u00e1n a productores meoquenses con 12 mil contenedores de insectos ben\u00e9ficos para control de plagas."},"content":{"rendered":"<p><em>M\u00e1s de 800 hect\u00e1reas del municipio de Meoqui se ver\u00e1n beneficiadas con Avispillas \u201cTrichogramma\u201d; gesti\u00f3n realizada por la alcaldesa Miriam Soto<\/em><\/p>\n<p>&nbsp;<\/p>\n<p>M\u00e1s de 160 agricultores de Meoqui ser\u00e1n beneficiados con el apoyo de 12 mil contenedores de Avispillas \u201cTrichogramma\u201d utilizadas para el control de plagas, con lo cual se abarcar\u00e1n 800 hect\u00e1reas del municipio, as\u00ed lo inform\u00f3 Eliazar Oc\u00f3n, director de Desarrollo Rural, quien comparti\u00f3 que este apoyo fue gracias a las gestiones de la alcaldesa Miriam Soto y ser\u00e1 en pr\u00f3ximos d\u00edas cuando se realice la entrega.<\/p>\n<p>&nbsp;<\/p>\n<p>\u201cEs un apoyo muy importante para el sector agropecuario del municipio, sabemos que el 80 por ciento del municipio depende de este sector, esto es gracias a las gestiones de la alcaldesa Miriam Soto, quien est\u00e1 muy pendiente de los programas de Gobierno del Estado\u201d, coment\u00f3 el director, resaltando que este apoyo se solicit\u00f3 bajo el Programa Estatal de Subsidios a la Producci\u00f3n, Equipamiento e Infraestructura.<\/p>\n<p>&nbsp;<\/p>\n<p>Mencion\u00f3 que cada productor podr\u00e1 beneficiarse hasta con 75 contenedores de avispillas, mismas que se utilizan para el control biol\u00f3gico de plagas de cultivos, agregando que el proceso de entrega ser\u00e1 similar al que realizaron el a\u00f1o pasado, por lo que coment\u00f3 que solicitar\u00e1n como \u00fanico requisito una copia de la credencial de elector.<\/p>\n<p>&nbsp;<\/p>\n<p>Por \u00faltimo, el director invit\u00f3 a los interesados que requieran de mayor informaci\u00f3n, acudan a las oficinas de Desarrollo Rural en Presidencia Municipal de lunes a viernes en un horario de 8:00 de la ma\u00f1ana a 4:30 de la tarde y s\u00e1bados de 9:00 de la ma\u00f1ana a 12 del mediod\u00eda.<\/p>\n<p>&nbsp;<\/p>\n","protected":false},"excerpt":{"rendered":"<p>M\u00e1s de 800 hect\u00e1reas del municipio de Meoqui se ver\u00e1n beneficiadas con Avispillas \u201cTrichogramma\u201d; gesti\u00f3n realizada por la alcaldesa Miriam Soto &nbsp; M\u00e1s de 160 agricultores de Meoqui ser\u00e1n beneficiados con el apoyo de 12 mil contenedores de Avispillas \u201cTrichogramma\u201d utilizadas para el control de plagas, con lo cual se abarcar\u00e1n 800 hect\u00e1reas del municipio, as\u00ed lo inform\u00f3 Eliazar Oc\u00f3n, director de Desarrollo Rural, quien comparti\u00f3 que este apoyo fue gracias a las gestiones de la alcaldesa Miriam Soto y ser\u00e1 en pr\u00f3ximos d\u00edas cuando se realice la entrega. &nbsp; \u201cEs un apoyo muy importante para el sector agropecuario del municipio, sabemos que el 80 por ciento del municipio depende de este sector, esto es gracias a las gestiones de la alcaldesa Miriam Soto, quien est\u00e1 muy pendiente de los programas de Gobierno del Estado\u201d, coment\u00f3 el director, resaltando que este apoyo se solicit\u00f3 bajo el Programa Estatal de Subsidios a la Producci\u00f3n, Equipamiento e Infraestructura. &nbsp; Mencion\u00f3 que cada productor podr\u00e1 beneficiarse hasta con 75 contenedores de avispillas, mismas que se utilizan para el control biol\u00f3gico de plagas de cultivos, agregando que el proceso de entrega ser\u00e1 similar al que realizaron el a\u00f1o pasado, por lo que coment\u00f3 que solicitar\u00e1n como \u00fanico requisito una copia de la credencial de elector. &nbsp; Por \u00faltimo, el director invit\u00f3 a los interesados que requieran de mayor informaci\u00f3n, acudan a las oficinas de Desarrollo Rural en Presidencia Municipal de lunes a viernes en un horario de 8:00 de la ma\u00f1ana a 4:30 de la tarde y s\u00e1bados de 9:00 de la ma\u00f1ana a 12 del mediod\u00eda. &nbsp;<\/p>\n","protected":false},"author":2,"featured_media":2673,"comment_status":"open","ping_status":"open","sticky":false,"template":"","format":"standard","meta":{"_monsterinsights_skip_tracking":false,"_monsterinsights_sitenote_active":false,"_monsterinsights_sitenote_note":"","_monsterinsights_sitenote_category":0,"advanced_seo_description":"","jetpack_seo_html_title":"","jetpack_seo_noindex":false,"_jetpack_memberships_contains_paid_content":false,"footnotes":"","jetpack_publicize_message":"","jetpack_publicize_feature_enabled":true,"jetpack_social_post_already_shared":true,"jetpack_social_options":{"image_generator_settings":{"template":"highway","enabled":false},"version":2}},"categories":[135,7,11],"tags":[],"class_list":["post-2672","post","type-post","status-publish","format-standard","has-post-thumbnail","hentry","category-lo-mas-leido","category-local","category-principal"],"jetpack_publicize_connections":[],"jetpack_sharing_enabled":true,"jetpack_featured_media_url":"https:\/\/i0.wp.com\/alcierrenoticias.com\/wp-content\/uploads\/2023\/05\/WhatsApp-Image-2023-05-24-at-3.30.33-PM.jpeg?fit=951%2C713&ssl=1","amp_enabled":true,"_links":{"self":[{"href":"https:\/\/alcierrenoticias.com\/index.php\/wp-json\/wp\/v2\/posts\/2672","targetHints":{"allow":["GET"]}}],"collection":[{"href":"https:\/\/alcierrenoticias.com\/index.php\/wp-json\/wp\/v2\/posts"}],"about":[{"href":"https:\/\/alcierrenoticias.com\/index.php\/wp-json\/wp\/v2\/types\/post"}],"author":[{"embeddable":true,"href":"https:\/\/alcierrenoticias.com\/index.php\/wp-json\/wp\/v2\/users\/2"}],"replies":[{"embeddable":true,"href":"https:\/\/alcierrenoticias.com\/index.php\/wp-json\/wp\/v2\/comments?post=2672"}],"version-history":[{"count":1,"href":"https:\/\/alcierrenoticias.com\/index.php\/wp-json\/wp\/v2\/posts\/2672\/revisions"}],"predecessor-version":[{"id":2674,"href":"https:\/\/alcierrenoticias.com\/index.php\/wp-json\/wp\/v2\/posts\/2672\/revisions\/2674"}],"wp:featuredmedia":[{"embeddable":true,"href":"https:\/\/alcierrenoticias.com\/index.php\/wp-json\/wp\/v2\/media\/2673"}],"wp:attachment":[{"href":"https:\/\/alcierrenoticias.com\/index.php\/wp-json\/wp\/v2\/media?parent=2672"}],"wp:term":[{"taxonomy":"category","embeddable":true,"href":"https:\/\/alcierrenoticias.com\/index.php\/wp-json\/wp\/v2\/categories?post=2672"},{"taxonomy":"post_tag","embeddable":true,"href":"https:\/\/alcierrenoticias.com\/index.php\/wp-json\/wp\/v2\/tags?post=2672"}],"curies":[{"name":"wp","href":"https:\/\/api.w.org\/{rel}","templated":true}]}}