{"id":2642,"date":"2023-05-23T13:01:20","date_gmt":"2023-05-23T19:01:20","guid":{"rendered":"https:\/\/alcierrenoticias.com\/?p=2642"},"modified":"2023-05-23T13:01:20","modified_gmt":"2023-05-23T19:01:20","slug":"lanzan-convocatoria-para-elegir-a-la-reina-san-pedro-y-san-pablo-2023-en-meoqui","status":"publish","type":"post","link":"https:\/\/alcierrenoticias.com\/index.php\/2023\/05\/23\/lanzan-convocatoria-para-elegir-a-la-reina-san-pedro-y-san-pablo-2023-en-meoqui\/","title":{"rendered":"Lanzan convocatoria para elegir a la Reina San Pedro y San Pablo 2023 en Meoqui."},"content":{"rendered":"<p><em>Tendr\u00e1n hasta el 26 de mayo para inscribirse en el certamen<\/em><\/p>\n<p>&nbsp;<\/p>\n<p>Con premios de 10 mil y 5 mil pesos en efectivo para el primer y segundo lugar, en Meoqui lanzaron la convocatoria para elegir a la Reina San Pedro y San Pablo 2023, la cual est\u00e1 organizada por el Gobierno Municipal, DIF Municipal, la Instancia Municipal de Atenci\u00f3n a la Mujer y el Instituto Municipal del Deporte y Juventud, quienes hacen extensiva la invitaci\u00f3n a las j\u00f3venes meoquenses para inscribirse a este certamen, a partir de la publicaci\u00f3n con fecha l\u00edmite hasta el 26 de mayo.<\/p>\n<p>&nbsp;<\/p>\n<p>\u201cInvitamos a todas las jovencitas de Meoqui a que participen en el certamen encomendado por la alcaldesa Miriam Soto, para elegir a la nueva reina de la Feria San Pedro y San Pablo 2023, pueden hacer su registro en las oficinas del DIF en un horario de 8:00 de la ma\u00f1ana a 2:00 de la tarde\u201d, inform\u00f3 Luis Valles, director del DIF Municipal.<\/p>\n<p>&nbsp;<\/p>\n<p>Comparti\u00f3 que la ganadora del certamen adem\u00e1s de recibir la banda y corono como Reina 2023, tambi\u00e9n obtendr\u00e1 un premio en efectivo de 10 mil pesos y el segundo lugar, ser\u00e1 coronada como Princesa de Meoqui 2023, por lo que ser\u00e1 acreedora de 5 mil pesos en efectivo.<\/p>\n<p>&nbsp;<\/p>\n<p>Adem\u00e1s, dentro del certamen los jueces elegir\u00e1n y reconocer\u00e1n a la Se\u00f1orita Fotogenia, Simpat\u00eda, Labor Social, Traje T\u00edpico, Traje Reciclado y Reto Deportivo, y precis\u00f3: \u201cfacilitaremos todo lo necesario para el desarrollo del certamen, con el apoyo de patrocinadores, esto para que las participantes no tengan que gastar en peinados, vestidos, entre otras cosas\u201d.<\/p>\n<p>&nbsp;<\/p>\n<p>Este certamen culminar\u00e1 el 28 de junio en la Feria de San Pedro y San Pablo 2022 con la elecci\u00f3n de la Reina, por lo que se pide a las interesadas contar con los requisitos siguientes:<\/p>\n<p>&nbsp;<\/p>\n<ul>\n<li>Tener residencia comprobable en el municipio de Meoqui.<\/li>\n<li>Edad de 18 a 24 a\u00f1os cumplidos al d\u00eda del registro<\/li>\n<li>Ser estudiante o carrera terminada<\/li>\n<li>Soltera y sin hijos<\/li>\n<li>Gozar de buena salud<\/li>\n<li><img data-recalc-dims=\"1\" fetchpriority=\"high\" decoding=\"async\" class=\"alignnone  wp-image-2645\" src=\"https:\/\/i0.wp.com\/alcierrenoticias.com\/wp-content\/uploads\/2023\/05\/WhatsApp-Image-2023-05-23-at-12.44.30-PM-1.jpeg?resize=750%2C1067&#038;ssl=1\" alt=\"\" width=\"750\" height=\"1067\" srcset=\"https:\/\/i0.wp.com\/alcierrenoticias.com\/wp-content\/uploads\/2023\/05\/WhatsApp-Image-2023-05-23-at-12.44.30-PM-1.jpeg?resize=211%2C300&amp;ssl=1 211w, https:\/\/i0.wp.com\/alcierrenoticias.com\/wp-content\/uploads\/2023\/05\/WhatsApp-Image-2023-05-23-at-12.44.30-PM-1.jpeg?resize=720%2C1024&amp;ssl=1 720w, https:\/\/i0.wp.com\/alcierrenoticias.com\/wp-content\/uploads\/2023\/05\/WhatsApp-Image-2023-05-23-at-12.44.30-PM-1.jpeg?resize=768%2C1092&amp;ssl=1 768w, https:\/\/i0.wp.com\/alcierrenoticias.com\/wp-content\/uploads\/2023\/05\/WhatsApp-Image-2023-05-23-at-12.44.30-PM-1.jpeg?resize=1080%2C1536&amp;ssl=1 1080w, https:\/\/i0.wp.com\/alcierrenoticias.com\/wp-content\/uploads\/2023\/05\/WhatsApp-Image-2023-05-23-at-12.44.30-PM-1.jpeg?w=1125&amp;ssl=1 1125w\" sizes=\"(max-width: 750px) 100vw, 750px\" \/><\/li>\n<\/ul>\n","protected":false},"excerpt":{"rendered":"<p>Tendr\u00e1n hasta el 26 de mayo para inscribirse en el certamen &nbsp; Con premios de 10 mil y 5 mil pesos en efectivo para el primer y segundo lugar, en Meoqui lanzaron la convocatoria para elegir a la Reina San Pedro y San Pablo 2023, la cual est\u00e1 organizada por el Gobierno Municipal, DIF Municipal, la Instancia Municipal de Atenci\u00f3n a la Mujer y el Instituto Municipal del Deporte y Juventud, quienes hacen extensiva la invitaci\u00f3n a las j\u00f3venes meoquenses para inscribirse a este certamen, a partir de la publicaci\u00f3n con fecha l\u00edmite hasta el 26 de mayo. &nbsp; \u201cInvitamos a todas las jovencitas de Meoqui a que participen en el certamen encomendado por la alcaldesa Miriam Soto, para elegir a la nueva reina de la Feria San Pedro y San Pablo 2023, pueden hacer su registro en las oficinas del DIF en un horario de 8:00 de la ma\u00f1ana a 2:00 de la tarde\u201d, inform\u00f3 Luis Valles, director del DIF Municipal. &nbsp; Comparti\u00f3 que la ganadora del certamen adem\u00e1s de recibir la banda y corono como Reina 2023, tambi\u00e9n obtendr\u00e1 un premio en efectivo de 10 mil pesos y el segundo lugar, ser\u00e1 coronada como Princesa de Meoqui 2023, por lo que ser\u00e1 acreedora de 5 mil pesos en efectivo. &nbsp; Adem\u00e1s, dentro del certamen los jueces elegir\u00e1n y reconocer\u00e1n a la Se\u00f1orita Fotogenia, Simpat\u00eda, Labor Social, Traje T\u00edpico, Traje Reciclado y Reto Deportivo, y precis\u00f3: \u201cfacilitaremos todo lo necesario para el desarrollo del certamen, con el apoyo de patrocinadores, esto para que las participantes no tengan que gastar en peinados, vestidos, entre otras cosas\u201d. &nbsp; Este certamen culminar\u00e1 el 28 de junio en la Feria de San Pedro y San Pablo 2022 con la elecci\u00f3n de la Reina, por lo que se pide a las interesadas contar con los requisitos siguientes: &nbsp; Tener residencia comprobable en el municipio de Meoqui. Edad de 18 a 24 a\u00f1os cumplidos al d\u00eda del registro Ser estudiante o carrera terminada Soltera y sin hijos Gozar de buena salud<\/p>\n","protected":false},"author":2,"featured_media":2643,"comment_status":"open","ping_status":"open","sticky":false,"template":"","format":"standard","meta":{"_monsterinsights_skip_tracking":false,"_monsterinsights_sitenote_active":false,"_monsterinsights_sitenote_note":"","_monsterinsights_sitenote_category":0,"advanced_seo_description":"","jetpack_seo_html_title":"","jetpack_seo_noindex":false,"_jetpack_memberships_contains_paid_content":false,"footnotes":"","jetpack_publicize_message":"","jetpack_publicize_feature_enabled":true,"jetpack_social_post_already_shared":true,"jetpack_social_options":{"image_generator_settings":{"template":"highway","enabled":false},"version":2}},"categories":[135,7,11],"tags":[],"class_list":["post-2642","post","type-post","status-publish","format-standard","has-post-thumbnail","hentry","category-lo-mas-leido","category-local","category-principal"],"jetpack_publicize_connections":[],"jetpack_sharing_enabled":true,"jetpack_featured_media_url":"https:\/\/i0.wp.com\/alcierrenoticias.com\/wp-content\/uploads\/2023\/05\/WhatsApp-Image-2023-05-23-at-12.44.30-PM-e1684868285768.jpeg?fit=699%2C321&ssl=1","amp_enabled":true,"_links":{"self":[{"href":"https:\/\/alcierrenoticias.com\/index.php\/wp-json\/wp\/v2\/posts\/2642","targetHints":{"allow":["GET"]}}],"collection":[{"href":"https:\/\/alcierrenoticias.com\/index.php\/wp-json\/wp\/v2\/posts"}],"about":[{"href":"https:\/\/alcierrenoticias.com\/index.php\/wp-json\/wp\/v2\/types\/post"}],"author":[{"embeddable":true,"href":"https:\/\/alcierrenoticias.com\/index.php\/wp-json\/wp\/v2\/users\/2"}],"replies":[{"embeddable":true,"href":"https:\/\/alcierrenoticias.com\/index.php\/wp-json\/wp\/v2\/comments?post=2642"}],"version-history":[{"count":2,"href":"https:\/\/alcierrenoticias.com\/index.php\/wp-json\/wp\/v2\/posts\/2642\/revisions"}],"predecessor-version":[{"id":2646,"href":"https:\/\/alcierrenoticias.com\/index.php\/wp-json\/wp\/v2\/posts\/2642\/revisions\/2646"}],"wp:featuredmedia":[{"embeddable":true,"href":"https:\/\/alcierrenoticias.com\/index.php\/wp-json\/wp\/v2\/media\/2643"}],"wp:attachment":[{"href":"https:\/\/alcierrenoticias.com\/index.php\/wp-json\/wp\/v2\/media?parent=2642"}],"wp:term":[{"taxonomy":"category","embeddable":true,"href":"https:\/\/alcierrenoticias.com\/index.php\/wp-json\/wp\/v2\/categories?post=2642"},{"taxonomy":"post_tag","embeddable":true,"href":"https:\/\/alcierrenoticias.com\/index.php\/wp-json\/wp\/v2\/tags?post=2642"}],"curies":[{"name":"wp","href":"https:\/\/api.w.org\/{rel}","templated":true}]}}