{"id":24807,"date":"2026-09-04T12:30:40","date_gmt":"2026-09-04T18:30:40","guid":{"rendered":"https:\/\/alcierrenoticias.com\/?p=24807"},"modified":"2026-09-04T13:23:27","modified_gmt":"2026-09-04T19:23:27","slug":"luces-camara-e-independencia-en-meoqui-proyectaran-pelicula-la-guera-rodriguez","status":"publish","type":"post","link":"https:\/\/alcierrenoticias.com\/index.php\/2026\/09\/04\/luces-camara-e-independencia-en-meoqui-proyectaran-pelicula-la-guera-rodriguez\/","title":{"rendered":"\u00a1Luces, c\u00e1mara e Independencia! En Meoqui proyectar\u00e1n pel\u00edcula \u201cLa G\u00fcera Rodr\u00edguez\u201d."},"content":{"rendered":"<p>La proyecci\u00f3n se realizar\u00e1 este viernes a las 7:30 de la tarde, como parte de las actividades por el Mes de la Patria<\/p>\n<p>El Gobierno Municipal de Meoqui, encabezado por la Arq. Miriam Soto, invita a las familias y al p\u00fablico en general a disfrutar de una nueva funci\u00f3n gratuita del Cine Club Hist\u00f3rico, que en esta ocasi\u00f3n presentar\u00e1 la pel\u00edcula La G\u00fcera Rodr\u00edguez, en el marco del Mes de la Patria.<\/p>\n<p>El director de Identidad Regional e Historia, profesor, Francisco Gonz\u00e1lez, inform\u00f3 que la proyecci\u00f3n se llevar\u00e1 a cabo este viernes a partir de las 7:30 de la tarde, con una cinta que aborda la historia de Mar\u00eda Ignacia Rodr\u00edguez de Velasco, conocida como \u201cLa G\u00fcera Rodr\u00edguez\u201d, y su participaci\u00f3n durante el movimiento de Independencia de M\u00e9xico.<\/p>\n<p>\u201cEs una mujer que siempre particip\u00f3 en apoyar el movimiento de la lucha armada en contra del gobierno espa\u00f1ol para liberarnos de ellos y tener un pa\u00eds soberano, libre, como es en la actualidad M\u00e9xico\u201d, se\u00f1al\u00f3.<\/p>\n<p>La invitaci\u00f3n est\u00e1 dirigida a todas las familias meoquenses y p\u00fablico en general, quienes adem\u00e1s podr\u00e1n disfrutar de refresco y palomitas durante la funci\u00f3n, como parte de esta actividad que busca acercar la historia nacional a la comunidad de una manera amena.<\/p>\n<p>La pel\u00edcula es esta basada en: La vida de Mar\u00eda Ignacia Rodr\u00edguez de Velasco, \u201cLa G\u00fcera Rodr\u00edguez\u201d<\/p>\n<p>A\u00f1o: 1978<\/p>\n<p>Actores y actrices: Fanny Cano, Fernando Allende, V\u00edctor Junco, Mar\u00eda Elena Marqu\u00e9s y Blanca Guerra<\/p>\n<p>Duraci\u00f3n: 1 hora 48 minutos.<\/p>\n","protected":false},"excerpt":{"rendered":"<p>La proyecci\u00f3n se realizar\u00e1 este viernes a las 7:30 de la tarde, como parte de las actividades por el Mes de la Patria El Gobierno Municipal de Meoqui, encabezado por la Arq. Miriam Soto, invita a las familias y al p\u00fablico en general a disfrutar de una nueva funci\u00f3n gratuita del Cine Club Hist\u00f3rico, que en esta ocasi\u00f3n presentar\u00e1 la pel\u00edcula La G\u00fcera Rodr\u00edguez, en el marco del Mes de la Patria. El director de Identidad Regional e Historia, profesor, Francisco Gonz\u00e1lez, inform\u00f3 que la proyecci\u00f3n se llevar\u00e1 a cabo este viernes a partir de las 7:30 de la tarde, con una cinta que aborda la historia de Mar\u00eda Ignacia Rodr\u00edguez de Velasco, conocida como \u201cLa G\u00fcera Rodr\u00edguez\u201d, y su participaci\u00f3n durante el movimiento de Independencia de M\u00e9xico. \u201cEs una mujer que siempre particip\u00f3 en apoyar el movimiento de la lucha armada en contra del gobierno espa\u00f1ol para liberarnos de ellos y tener un pa\u00eds soberano, libre, como es en la actualidad M\u00e9xico\u201d, se\u00f1al\u00f3. La invitaci\u00f3n est\u00e1 dirigida a todas las familias meoquenses y p\u00fablico en general, quienes adem\u00e1s podr\u00e1n disfrutar de refresco y palomitas durante la funci\u00f3n, como parte de esta actividad que busca acercar la historia nacional a la comunidad de una manera amena. La pel\u00edcula es esta basada en: La vida de Mar\u00eda Ignacia Rodr\u00edguez de Velasco, \u201cLa G\u00fcera Rodr\u00edguez\u201d A\u00f1o: 1978 Actores y actrices: Fanny Cano, Fernando Allende, V\u00edctor Junco, Mar\u00eda Elena Marqu\u00e9s y Blanca Guerra Duraci\u00f3n: 1 hora 48 minutos.<\/p>\n","protected":false},"author":2,"featured_media":24808,"comment_status":"open","ping_status":"open","sticky":false,"template":"","format":"standard","meta":{"_monsterinsights_skip_tracking":false,"advanced_seo_description":"","jetpack_seo_html_title":"","jetpack_seo_noindex":false,"_jetpack_memberships_contains_paid_content":false,"footnotes":"","jetpack_publicize_message":"","jetpack_publicize_feature_enabled":true,"jetpack_social_post_already_shared":true,"jetpack_social_options":{"image_generator_settings":{"template":"highway","enabled":false},"version":2}},"categories":[7,11],"tags":[],"class_list":["post-24807","post","type-post","status-publish","format-standard","has-post-thumbnail","hentry","category-local","category-principal"],"jetpack_publicize_connections":[],"jetpack_sharing_enabled":true,"jetpack_featured_media_url":"https:\/\/i0.wp.com\/alcierrenoticias.com\/wp-content\/uploads\/2026\/09\/WhatsApp-Image-2026-09-04-at-12.19.32-PM-e1788549766789.jpeg?fit=500%2C500&ssl=1","amp_enabled":true,"_links":{"self":[{"href":"https:\/\/alcierrenoticias.com\/index.php\/wp-json\/wp\/v2\/posts\/24807","targetHints":{"allow":["GET"]}}],"collection":[{"href":"https:\/\/alcierrenoticias.com\/index.php\/wp-json\/wp\/v2\/posts"}],"about":[{"href":"https:\/\/alcierrenoticias.com\/index.php\/wp-json\/wp\/v2\/types\/post"}],"author":[{"embeddable":true,"href":"https:\/\/alcierrenoticias.com\/index.php\/wp-json\/wp\/v2\/users\/2"}],"replies":[{"embeddable":true,"href":"https:\/\/alcierrenoticias.com\/index.php\/wp-json\/wp\/v2\/comments?post=24807"}],"version-history":[{"count":2,"href":"https:\/\/alcierrenoticias.com\/index.php\/wp-json\/wp\/v2\/posts\/24807\/revisions"}],"predecessor-version":[{"id":24810,"href":"https:\/\/alcierrenoticias.com\/index.php\/wp-json\/wp\/v2\/posts\/24807\/revisions\/24810"}],"wp:featuredmedia":[{"embeddable":true,"href":"https:\/\/alcierrenoticias.com\/index.php\/wp-json\/wp\/v2\/media\/24808"}],"wp:attachment":[{"href":"https:\/\/alcierrenoticias.com\/index.php\/wp-json\/wp\/v2\/media?parent=24807"}],"wp:term":[{"taxonomy":"category","embeddable":true,"href":"https:\/\/alcierrenoticias.com\/index.php\/wp-json\/wp\/v2\/categories?post=24807"},{"taxonomy":"post_tag","embeddable":true,"href":"https:\/\/alcierrenoticias.com\/index.php\/wp-json\/wp\/v2\/tags?post=24807"}],"curies":[{"name":"wp","href":"https:\/\/api.w.org\/{rel}","templated":true}]}}