{"id":24781,"date":"2026-09-04T11:59:29","date_gmt":"2026-09-04T17:59:29","guid":{"rendered":"https:\/\/alcierrenoticias.com\/?p=24781"},"modified":"2026-09-04T11:59:29","modified_gmt":"2026-09-04T17:59:29","slug":"invitan-a-la-expo-agro-internacional-chihuahua-y-foro-del-agua-2026","status":"publish","type":"post","link":"https:\/\/alcierrenoticias.com\/index.php\/2026\/09\/04\/invitan-a-la-expo-agro-internacional-chihuahua-y-foro-del-agua-2026\/","title":{"rendered":"INVITAN A LA EXPO AGRO INTERNACIONAL CHIHUAHUA Y FORO DEL AGUA 2026"},"content":{"rendered":"<p>Los d\u00edas 17 y 18 de septiembre, las instalaciones de Expo Chihuahua ser\u00e1n sede de la Expo Agro Internacional Chihuahua y Foro del Agua 2026, donde se reunir\u00e1n productores, empresas, especialistas e instituciones para impulsar un campo m\u00e1s competitivo, innovador y sostenible.<\/p>\n<p><img data-recalc-dims=\"1\" fetchpriority=\"high\" decoding=\"async\" class=\"alignnone size-medium wp-image-24782\" src=\"https:\/\/i0.wp.com\/alcierrenoticias.com\/wp-content\/uploads\/2026\/09\/ded2f434-06b7-4bfb-8f96-dfebf099d021.jpeg?resize=300%2C200&#038;ssl=1\" alt=\"\" width=\"300\" height=\"200\" srcset=\"https:\/\/i0.wp.com\/alcierrenoticias.com\/wp-content\/uploads\/2026\/09\/ded2f434-06b7-4bfb-8f96-dfebf099d021.jpeg?resize=300%2C200&amp;ssl=1 300w, https:\/\/i0.wp.com\/alcierrenoticias.com\/wp-content\/uploads\/2026\/09\/ded2f434-06b7-4bfb-8f96-dfebf099d021.jpeg?resize=1024%2C682&amp;ssl=1 1024w, https:\/\/i0.wp.com\/alcierrenoticias.com\/wp-content\/uploads\/2026\/09\/ded2f434-06b7-4bfb-8f96-dfebf099d021.jpeg?resize=768%2C512&amp;ssl=1 768w, https:\/\/i0.wp.com\/alcierrenoticias.com\/wp-content\/uploads\/2026\/09\/ded2f434-06b7-4bfb-8f96-dfebf099d021.jpeg?resize=1536%2C1023&amp;ssl=1 1536w, https:\/\/i0.wp.com\/alcierrenoticias.com\/wp-content\/uploads\/2026\/09\/ded2f434-06b7-4bfb-8f96-dfebf099d021.jpeg?w=1600&amp;ssl=1 1600w\" sizes=\"(max-width: 300px) 100vw, 300px\" \/><\/p>\n<p>En rueda de prensa, el secretario de Desarrollo Rural (SDR), Mauro Parada, detall\u00f3 que<br \/>\nesta es una oportunidad para conocer nuevas tecnolog\u00edas, generar alianzas y compartir<br \/>\nconocimientos que contribuyan al fortalecimiento de los sectores agropecuario e h\u00eddrico.<br \/>\nEl objetivo es propiciar un di\u00e1logo t\u00e9cnico e institucional para abordar temas<br \/>\nfundamentales para el desarrollo de la entidad.<br \/>\nLa Expo Agro contar\u00e1 con exposici\u00f3n comercial de proveedores especializados,<br \/>\nmaquinaria y equipo agr\u00edcola, conferencias y paneles con especialistas nacionales e<br \/>\ninternacionales.<br \/>\nAdem\u00e1s, dispondr\u00e1 de un Centro de Negocios que permitir\u00e1 generar oportunidades de<br \/>\nvinculaci\u00f3n entre productores, empresas e instituciones.<br \/>\nComo parte de esta edici\u00f3n, en el Foro del Agua 2026 se discutir\u00e1n tem\u00e1ticas como<br \/>\nplaneaci\u00f3n h\u00eddrica, re\u00faso y restauraci\u00f3n de acu\u00edferos, infraestructura, saneamiento,<br \/>\ninnovaci\u00f3n y financiamiento para proyectos h\u00eddricos y agropecuarios sostenibles.<br \/>\nEl director ejecutivo de la Junta Central de Agua y Saneamiento (JCAS), Mario Mata,<br \/>\nexplic\u00f3 que la meta es avanzar del diagn\u00f3stico hacia la generaci\u00f3n de proyectos,<br \/>\ncoordinaci\u00f3n y soluciones que fortalezcan la seguridad h\u00eddrica del estado.<br \/>\nSubray\u00f3 que Chihuahua enfrenta retos en esta materia, por lo que es fundamental asumir<br \/>\nla responsabilidad compartida e impulsar una visi\u00f3n integral en la que participen<br \/>\nautoridades, organismos operadores, productores, usuarios, academia, instituciones<br \/>\nfinancieras, empresas y sociedad civil.<br \/>\n&#8220;2026, A\u00f1o del Bicentenario de la Abolici\u00f3n de la Esclavitud en el Estado de Chihuahua&#8221;<br \/>\nAve Te\u00f3filo Borunda No.500<br \/>\nCol. Centro, Chihuahua. Chih.<br \/>\nTel\u00e9fono: (614) 429-35-00 Ext. 22000<br \/>\nwww.jcas.gob.mx<br \/>\nEl encuentro contempla adem\u00e1s temas relacionados con el ganado criollo de Chihuahua,<br \/>\nel frijol, la innovaci\u00f3n tecnol\u00f3gica y la inteligencia artificial aplicada al campo, as\u00ed como<br \/>\nla participaci\u00f3n de reconocidos especialistas e invitados del sector.<br \/>\nEn la presentaci\u00f3n participaron tambi\u00e9n N\u00e9stor Baeza, presidente del Consejo Estatal<br \/>\nAgropecuario de Chihuahua; Alan Falomir, director ejecutivo de la Junta Municipal de<br \/>\nAgua y Saneamiento de Chihuahua (JMAS), y Francisco Flores, l\u00edder de proyecto del<br \/>\nPlan Municipal H\u00eddrico Chihuahua 2040.<br \/>\nProductores, empresarios, estudiantes, especialistas y ciudadan\u00eda en general pueden<br \/>\nformar parte de este evento con previo registro<br \/>\nen https:\/\/ceach.org.mx\/expoagro2024\/formulario.php.<\/p>\n","protected":false},"excerpt":{"rendered":"<p>Los d\u00edas 17 y 18 de septiembre, las instalaciones de Expo Chihuahua ser\u00e1n sede de la Expo Agro Internacional Chihuahua y Foro del Agua 2026, donde se reunir\u00e1n productores, empresas, especialistas e instituciones para impulsar un campo m\u00e1s competitivo, innovador y sostenible. En rueda de prensa, el secretario de Desarrollo Rural (SDR), Mauro Parada, detall\u00f3 que esta es una oportunidad para conocer nuevas tecnolog\u00edas, generar alianzas y compartir conocimientos que contribuyan al fortalecimiento de los sectores agropecuario e h\u00eddrico. El objetivo es propiciar un di\u00e1logo t\u00e9cnico e institucional para abordar temas fundamentales para el desarrollo de la entidad. La Expo Agro contar\u00e1 con exposici\u00f3n comercial de proveedores especializados, maquinaria y equipo agr\u00edcola, conferencias y paneles con especialistas nacionales e internacionales. Adem\u00e1s, dispondr\u00e1 de un Centro de Negocios que permitir\u00e1 generar oportunidades de vinculaci\u00f3n entre productores, empresas e instituciones. Como parte de esta edici\u00f3n, en el Foro del Agua 2026 se discutir\u00e1n tem\u00e1ticas como planeaci\u00f3n h\u00eddrica, re\u00faso y restauraci\u00f3n de acu\u00edferos, infraestructura, saneamiento, innovaci\u00f3n y financiamiento para proyectos h\u00eddricos y agropecuarios sostenibles. El director ejecutivo de la Junta Central de Agua y Saneamiento (JCAS), Mario Mata, explic\u00f3 que la meta es avanzar del diagn\u00f3stico hacia la generaci\u00f3n de proyectos, coordinaci\u00f3n y soluciones que fortalezcan la seguridad h\u00eddrica del estado. Subray\u00f3 que Chihuahua enfrenta retos en esta materia, por lo que es fundamental asumir la responsabilidad compartida e impulsar una visi\u00f3n integral en la que participen autoridades, organismos operadores, productores, usuarios, academia, instituciones financieras, empresas y sociedad civil. &#8220;2026, A\u00f1o del Bicentenario de la Abolici\u00f3n de la Esclavitud en el Estado de Chihuahua&#8221; Ave Te\u00f3filo Borunda No.500 Col. Centro, Chihuahua. Chih. Tel\u00e9fono: (614) 429-35-00 Ext. 22000 www.jcas.gob.mx El encuentro contempla adem\u00e1s temas relacionados con el ganado criollo de Chihuahua, el frijol, la innovaci\u00f3n tecnol\u00f3gica y la inteligencia artificial aplicada al campo, as\u00ed como la participaci\u00f3n de reconocidos especialistas e invitados del sector. En la presentaci\u00f3n participaron tambi\u00e9n N\u00e9stor Baeza, presidente del Consejo Estatal Agropecuario de Chihuahua; Alan Falomir, director ejecutivo de la Junta Municipal de Agua y Saneamiento de Chihuahua (JMAS), y Francisco Flores, l\u00edder de proyecto del Plan Municipal H\u00eddrico Chihuahua 2040. Productores, empresarios, estudiantes, especialistas y ciudadan\u00eda en general pueden formar parte de este evento con previo registro en https:\/\/ceach.org.mx\/expoagro2024\/formulario.php.<\/p>\n","protected":false},"author":2,"featured_media":24783,"comment_status":"open","ping_status":"open","sticky":false,"template":"","format":"standard","meta":{"_monsterinsights_skip_tracking":false,"advanced_seo_description":"","jetpack_seo_html_title":"","jetpack_seo_noindex":false,"_jetpack_memberships_contains_paid_content":false,"footnotes":"","jetpack_publicize_message":"","jetpack_publicize_feature_enabled":true,"jetpack_social_post_already_shared":true,"jetpack_social_options":{"image_generator_settings":{"template":"highway","enabled":false},"version":2}},"categories":[8,135,11],"tags":[],"class_list":["post-24781","post","type-post","status-publish","format-standard","has-post-thumbnail","hentry","category-estado","category-lo-mas-leido","category-principal"],"jetpack_publicize_connections":[],"jetpack_sharing_enabled":true,"jetpack_featured_media_url":"https:\/\/i0.wp.com\/alcierrenoticias.com\/wp-content\/uploads\/2026\/09\/b4d52f42-39b5-4d05-bbff-2433d123f237.jpeg?fit=1600%2C1072&ssl=1","amp_enabled":true,"_links":{"self":[{"href":"https:\/\/alcierrenoticias.com\/index.php\/wp-json\/wp\/v2\/posts\/24781","targetHints":{"allow":["GET"]}}],"collection":[{"href":"https:\/\/alcierrenoticias.com\/index.php\/wp-json\/wp\/v2\/posts"}],"about":[{"href":"https:\/\/alcierrenoticias.com\/index.php\/wp-json\/wp\/v2\/types\/post"}],"author":[{"embeddable":true,"href":"https:\/\/alcierrenoticias.com\/index.php\/wp-json\/wp\/v2\/users\/2"}],"replies":[{"embeddable":true,"href":"https:\/\/alcierrenoticias.com\/index.php\/wp-json\/wp\/v2\/comments?post=24781"}],"version-history":[{"count":1,"href":"https:\/\/alcierrenoticias.com\/index.php\/wp-json\/wp\/v2\/posts\/24781\/revisions"}],"predecessor-version":[{"id":24784,"href":"https:\/\/alcierrenoticias.com\/index.php\/wp-json\/wp\/v2\/posts\/24781\/revisions\/24784"}],"wp:featuredmedia":[{"embeddable":true,"href":"https:\/\/alcierrenoticias.com\/index.php\/wp-json\/wp\/v2\/media\/24783"}],"wp:attachment":[{"href":"https:\/\/alcierrenoticias.com\/index.php\/wp-json\/wp\/v2\/media?parent=24781"}],"wp:term":[{"taxonomy":"category","embeddable":true,"href":"https:\/\/alcierrenoticias.com\/index.php\/wp-json\/wp\/v2\/categories?post=24781"},{"taxonomy":"post_tag","embeddable":true,"href":"https:\/\/alcierrenoticias.com\/index.php\/wp-json\/wp\/v2\/tags?post=24781"}],"curies":[{"name":"wp","href":"https:\/\/api.w.org\/{rel}","templated":true}]}}