{"id":24764,"date":"2026-08-31T16:00:07","date_gmt":"2026-08-31T22:00:07","guid":{"rendered":"https:\/\/alcierrenoticias.com\/?p=24764"},"modified":"2026-09-02T21:47:45","modified_gmt":"2026-09-03T03:47:45","slug":"llegan-a-meoqui-cerca-de-400-apoyos-alimentarios-para-personas-con-discapacidad-y-adultos-mayores","status":"publish","type":"post","link":"https:\/\/alcierrenoticias.com\/index.php\/2026\/08\/31\/llegan-a-meoqui-cerca-de-400-apoyos-alimentarios-para-personas-con-discapacidad-y-adultos-mayores\/","title":{"rendered":"Llegan a Meoqui cerca de 400 apoyos alimentarios para personas con discapacidad y adultos mayores."},"content":{"rendered":"<p>El Gobierno Municipal particip\u00f3 en la entrega de apoyos otorgados por el Gobierno del Estado<\/p>\n<p>Cerca de 400 apoyos alimentarios otorgados por parte del Gobierno del Estado llegaron a Meoqui gracias a las gestiones de la alcaldesa Miriam Soto, a trav\u00e9s del DIF Municipal, beneficiando a personas con discapacidad y adultos mayores del municipio, quienes recibieron dos despensas como parte de esta primera entrega.<\/p>\n<p>\u201cEste apoyo ya es de ellos, ya est\u00e1 etiquetado, cada quien trae su folio\u201d, se\u00f1al\u00f3 Norelia Hern\u00e1ndez, presidenta del DIF Municipal, quien record\u00f3 que la entrega se realiza de 9:00 de la ma\u00f1ana a 12:00 del mediod\u00eda, por lo que no es necesario llegar con varias horas de anticipaci\u00f3n; adem\u00e1s, resalt\u00f3 que el primer d\u00eda corresponde a las personas con discapacidad, mientras que el segundo est\u00e1 destinado a los adultos mayores.<\/p>\n<p>De igual manera, pidi\u00f3 a los beneficiarios acudir a recoger su despensa dentro de las fechas establecidas, ya que el programa corresponde a Gobierno del Estado y requiere completar el proceso de documentaci\u00f3n, firma y entrega del folio; en el caso de las personas con discapacidad que no puedan acudir personalmente, podr\u00e1n hacerlo mediante carta poder durante los d\u00edas establecidos.<\/p>\n<p>Asimismo, durante la jornada, Miguel G\u00f3mez, director de Soluciones Ciudadanas, transmiti\u00f3 un mensaje de la alcaldesa Miriam Soto y destac\u00f3 las gestiones que realiza la presidenta municipal para acercar apoyos y atender las distintas necesidades de las familias de Meoqui.<\/p>\n","protected":false},"excerpt":{"rendered":"<p>El Gobierno Municipal particip\u00f3 en la entrega de apoyos otorgados por el Gobierno del Estado Cerca de 400 apoyos alimentarios otorgados por parte del Gobierno del Estado llegaron a Meoqui gracias a las gestiones de la alcaldesa Miriam Soto, a trav\u00e9s del DIF Municipal, beneficiando a personas con discapacidad y adultos mayores del municipio, quienes recibieron dos despensas como parte de esta primera entrega. \u201cEste apoyo ya es de ellos, ya est\u00e1 etiquetado, cada quien trae su folio\u201d, se\u00f1al\u00f3 Norelia Hern\u00e1ndez, presidenta del DIF Municipal, quien record\u00f3 que la entrega se realiza de 9:00 de la ma\u00f1ana a 12:00 del mediod\u00eda, por lo que no es necesario llegar con varias horas de anticipaci\u00f3n; adem\u00e1s, resalt\u00f3 que el primer d\u00eda corresponde a las personas con discapacidad, mientras que el segundo est\u00e1 destinado a los adultos mayores. De igual manera, pidi\u00f3 a los beneficiarios acudir a recoger su despensa dentro de las fechas establecidas, ya que el programa corresponde a Gobierno del Estado y requiere completar el proceso de documentaci\u00f3n, firma y entrega del folio; en el caso de las personas con discapacidad que no puedan acudir personalmente, podr\u00e1n hacerlo mediante carta poder durante los d\u00edas establecidos. Asimismo, durante la jornada, Miguel G\u00f3mez, director de Soluciones Ciudadanas, transmiti\u00f3 un mensaje de la alcaldesa Miriam Soto y destac\u00f3 las gestiones que realiza la presidenta municipal para acercar apoyos y atender las distintas necesidades de las familias de Meoqui.<\/p>\n","protected":false},"author":2,"featured_media":24765,"comment_status":"open","ping_status":"open","sticky":false,"template":"","format":"standard","meta":{"_monsterinsights_skip_tracking":false,"advanced_seo_description":"","jetpack_seo_html_title":"","jetpack_seo_noindex":false,"_jetpack_memberships_contains_paid_content":false,"footnotes":"","jetpack_publicize_message":"","jetpack_publicize_feature_enabled":true,"jetpack_social_post_already_shared":true,"jetpack_social_options":{"image_generator_settings":{"template":"highway","enabled":false},"version":2}},"categories":[7],"tags":[],"class_list":["post-24764","post","type-post","status-publish","format-standard","has-post-thumbnail","hentry","category-local"],"jetpack_publicize_connections":[],"jetpack_sharing_enabled":true,"jetpack_featured_media_url":"https:\/\/i0.wp.com\/alcierrenoticias.com\/wp-content\/uploads\/2026\/09\/WhatsApp-Image-2026-08-31-at-3.42.26-PM.jpeg?fit=1280%2C960&ssl=1","amp_enabled":true,"_links":{"self":[{"href":"https:\/\/alcierrenoticias.com\/index.php\/wp-json\/wp\/v2\/posts\/24764","targetHints":{"allow":["GET"]}}],"collection":[{"href":"https:\/\/alcierrenoticias.com\/index.php\/wp-json\/wp\/v2\/posts"}],"about":[{"href":"https:\/\/alcierrenoticias.com\/index.php\/wp-json\/wp\/v2\/types\/post"}],"author":[{"embeddable":true,"href":"https:\/\/alcierrenoticias.com\/index.php\/wp-json\/wp\/v2\/users\/2"}],"replies":[{"embeddable":true,"href":"https:\/\/alcierrenoticias.com\/index.php\/wp-json\/wp\/v2\/comments?post=24764"}],"version-history":[{"count":2,"href":"https:\/\/alcierrenoticias.com\/index.php\/wp-json\/wp\/v2\/posts\/24764\/revisions"}],"predecessor-version":[{"id":24772,"href":"https:\/\/alcierrenoticias.com\/index.php\/wp-json\/wp\/v2\/posts\/24764\/revisions\/24772"}],"wp:featuredmedia":[{"embeddable":true,"href":"https:\/\/alcierrenoticias.com\/index.php\/wp-json\/wp\/v2\/media\/24765"}],"wp:attachment":[{"href":"https:\/\/alcierrenoticias.com\/index.php\/wp-json\/wp\/v2\/media?parent=24764"}],"wp:term":[{"taxonomy":"category","embeddable":true,"href":"https:\/\/alcierrenoticias.com\/index.php\/wp-json\/wp\/v2\/categories?post=24764"},{"taxonomy":"post_tag","embeddable":true,"href":"https:\/\/alcierrenoticias.com\/index.php\/wp-json\/wp\/v2\/tags?post=24764"}],"curies":[{"name":"wp","href":"https:\/\/api.w.org\/{rel}","templated":true}]}}