{"id":24751,"date":"2026-09-02T20:32:41","date_gmt":"2026-09-03T02:32:41","guid":{"rendered":"https:\/\/alcierrenoticias.com\/?p=24751"},"modified":"2026-09-02T20:32:41","modified_gmt":"2026-09-03T02:32:41","slug":"impulsa-jesus-valenciano-acciones-ambientales-para-proteger-el-futuro-de-delicias","status":"publish","type":"post","link":"https:\/\/alcierrenoticias.com\/index.php\/2026\/09\/02\/impulsa-jesus-valenciano-acciones-ambientales-para-proteger-el-futuro-de-delicias\/","title":{"rendered":"Impulsa Jes\u00fas Valenciano acciones ambientales para proteger el futuro de Delicias"},"content":{"rendered":"<p>&nbsp;<\/p>\n<p>Como parte de su Informe de Gobierno, Jes\u00fas Valenciano Garc\u00eda destac\u00f3 que durante los \u00faltimos cinco a\u00f1os fueron plantados m\u00e1s de 20 mil \u00e1rboles nativos en Delicias, los cuales son atendidos con la participaci\u00f3n de una red integrada por m\u00e1s de 700 voluntarios.<\/p>\n<p>El alcalde explic\u00f3 que la estrategia ambiental se extendi\u00f3 a la cuenca alta del r\u00edo Conchos, donde ejidos y comunidades ind\u00edgenas participan en trabajos de conservaci\u00f3n de suelo, construcci\u00f3n de presas de gaviones y reforestaci\u00f3n. La meta es alcanzar 20 mil hect\u00e1reas mediante el pago de servicios ambientales.<\/p>\n<p>Estas acciones se desarrollan junto con agricultores de la regi\u00f3n centro-sur y mediante la concurrencia de recursos de los gobiernos estatal y federal. Valenciano Garc\u00eda se\u00f1al\u00f3 que el objetivo es reducir temperaturas, generar sombra, proteger la disponibilidad futura del agua y enfrentar los efectos del cambio clim\u00e1tico.<\/p>\n<p>El trabajo realizado permiti\u00f3 que Delicias recibiera la Insignia Internacional de Adaptaci\u00f3n del Pacto Global de Alcaldes por el Clima y la Energ\u00eda. La ciudad tambi\u00e9n obtuvo un reconocimiento como ciudad sustentable durante el Smart City Expo, Congreso Mundial de Ciudades Inteligentes celebrado en Barcelona.<\/p>\n<p>A\u00f1adi\u00f3 que el municipio avanza en la certificaci\u00f3n de la norma internacional ISO 18091 y actualmente cuenta con el nivel bronce. Afirm\u00f3 que los reconocimientos son importantes, pero que el verdadero cambio se garantiza mediante pol\u00edticas y normas que se cumplen diariamente.<\/p>\n","protected":false},"excerpt":{"rendered":"<p>&nbsp; Como parte de su Informe de Gobierno, Jes\u00fas Valenciano Garc\u00eda destac\u00f3 que durante los \u00faltimos cinco a\u00f1os fueron plantados m\u00e1s de 20 mil \u00e1rboles nativos en Delicias, los cuales son atendidos con la participaci\u00f3n de una red integrada por m\u00e1s de 700 voluntarios. El alcalde explic\u00f3 que la estrategia ambiental se extendi\u00f3 a la cuenca alta del r\u00edo Conchos, donde ejidos y comunidades ind\u00edgenas participan en trabajos de conservaci\u00f3n de suelo, construcci\u00f3n de presas de gaviones y reforestaci\u00f3n. La meta es alcanzar 20 mil hect\u00e1reas mediante el pago de servicios ambientales. Estas acciones se desarrollan junto con agricultores de la regi\u00f3n centro-sur y mediante la concurrencia de recursos de los gobiernos estatal y federal. Valenciano Garc\u00eda se\u00f1al\u00f3 que el objetivo es reducir temperaturas, generar sombra, proteger la disponibilidad futura del agua y enfrentar los efectos del cambio clim\u00e1tico. El trabajo realizado permiti\u00f3 que Delicias recibiera la Insignia Internacional de Adaptaci\u00f3n del Pacto Global de Alcaldes por el Clima y la Energ\u00eda. La ciudad tambi\u00e9n obtuvo un reconocimiento como ciudad sustentable durante el Smart City Expo, Congreso Mundial de Ciudades Inteligentes celebrado en Barcelona. A\u00f1adi\u00f3 que el municipio avanza en la certificaci\u00f3n de la norma internacional ISO 18091 y actualmente cuenta con el nivel bronce. Afirm\u00f3 que los reconocimientos son importantes, pero que el verdadero cambio se garantiza mediante pol\u00edticas y normas que se cumplen diariamente.<\/p>\n","protected":false},"author":2,"featured_media":24752,"comment_status":"open","ping_status":"open","sticky":false,"template":"","format":"standard","meta":{"_monsterinsights_skip_tracking":false,"advanced_seo_description":"","jetpack_seo_html_title":"","jetpack_seo_noindex":false,"_jetpack_memberships_contains_paid_content":false,"footnotes":"","jetpack_publicize_message":"","jetpack_publicize_feature_enabled":true,"jetpack_social_post_already_shared":true,"jetpack_social_options":{"image_generator_settings":{"template":"highway","enabled":false},"version":2}},"categories":[135,7,11],"tags":[],"class_list":["post-24751","post","type-post","status-publish","format-standard","has-post-thumbnail","hentry","category-lo-mas-leido","category-local","category-principal"],"jetpack_publicize_connections":[],"jetpack_sharing_enabled":true,"jetpack_featured_media_url":"https:\/\/i0.wp.com\/alcierrenoticias.com\/wp-content\/uploads\/2026\/09\/WhatsApp-Image-2026-09-02-at-20.30.32.jpeg?fit=1280%2C853&ssl=1","amp_enabled":true,"_links":{"self":[{"href":"https:\/\/alcierrenoticias.com\/index.php\/wp-json\/wp\/v2\/posts\/24751","targetHints":{"allow":["GET"]}}],"collection":[{"href":"https:\/\/alcierrenoticias.com\/index.php\/wp-json\/wp\/v2\/posts"}],"about":[{"href":"https:\/\/alcierrenoticias.com\/index.php\/wp-json\/wp\/v2\/types\/post"}],"author":[{"embeddable":true,"href":"https:\/\/alcierrenoticias.com\/index.php\/wp-json\/wp\/v2\/users\/2"}],"replies":[{"embeddable":true,"href":"https:\/\/alcierrenoticias.com\/index.php\/wp-json\/wp\/v2\/comments?post=24751"}],"version-history":[{"count":1,"href":"https:\/\/alcierrenoticias.com\/index.php\/wp-json\/wp\/v2\/posts\/24751\/revisions"}],"predecessor-version":[{"id":24753,"href":"https:\/\/alcierrenoticias.com\/index.php\/wp-json\/wp\/v2\/posts\/24751\/revisions\/24753"}],"wp:featuredmedia":[{"embeddable":true,"href":"https:\/\/alcierrenoticias.com\/index.php\/wp-json\/wp\/v2\/media\/24752"}],"wp:attachment":[{"href":"https:\/\/alcierrenoticias.com\/index.php\/wp-json\/wp\/v2\/media?parent=24751"}],"wp:term":[{"taxonomy":"category","embeddable":true,"href":"https:\/\/alcierrenoticias.com\/index.php\/wp-json\/wp\/v2\/categories?post=24751"},{"taxonomy":"post_tag","embeddable":true,"href":"https:\/\/alcierrenoticias.com\/index.php\/wp-json\/wp\/v2\/tags?post=24751"}],"curies":[{"name":"wp","href":"https:\/\/api.w.org\/{rel}","templated":true}]}}