{"id":24735,"date":"2026-09-02T20:04:44","date_gmt":"2026-09-03T02:04:44","guid":{"rendered":"https:\/\/alcierrenoticias.com\/?p=24735"},"modified":"2026-09-02T20:04:44","modified_gmt":"2026-09-03T02:04:44","slug":"donde-todo-comenzo-5-anos-de-una-nueva-vision-para-meoqui-con-un-gobierno-cercano","status":"publish","type":"post","link":"https:\/\/alcierrenoticias.com\/index.php\/2026\/09\/02\/donde-todo-comenzo-5-anos-de-una-nueva-vision-para-meoqui-con-un-gobierno-cercano\/","title":{"rendered":"*Donde todo comenz\u00f3, 5 a\u00f1os de una nueva visi\u00f3n para Meoqui con un gobierno cercano*"},"content":{"rendered":"<p>&nbsp;<\/p>\n<p>&nbsp;<\/p>\n<p>_Con Miriam Soto al frente, el proyecto de gobierno se construy\u00f3 con cercan\u00eda, participaci\u00f3n y convicci\u00f3n de que Meoqui puede pensar en grande_<\/p>\n<p>Hace cinco a\u00f1os comenz\u00f3 un proyecto de gobierno que parti\u00f3 de una convicci\u00f3n en la cual Meoqui pod\u00eda aspirar a m\u00e1s, esto bajo el liderazgo de la alcaldesa Miriam Soto, dio paso a una forma distinta de hacer las cosas, con cercan\u00eda, escucha y trabajo en equipo, desde el inicio de su administraci\u00f3n, Miriam Soto plante\u00f3 que el desarrollo del municipio no deb\u00eda medirse \u00fanicamente por el tama\u00f1o de los recursos disponibles, sino por la capacidad de convertir las ideas y los sue\u00f1os de las familias meoquenses en acciones concretas.<\/p>\n<p>Con esta visi\u00f3n, las personas y las familias fueron colocadas como una prioridad en la toma de decisiones, procurando que cada acci\u00f3n emprendida desde el Gobierno Municipal tuviera como prop\u00f3sito atender necesidades reales y contribuir a mejorar la calidad de vida de quienes viven en Meoqui, as\u00ed empezaron cinco a\u00f1os de trabajo encabezado por la alcaldesa Miriam Soto.<\/p>\n<p>A cinco a\u00f1os de aquel punto de partida con la Arq. Miriam Soto encabezando la Administraci\u00f3n Municipal, su manera de gobernar le ha permitido consolidar un proyecto que ha sumado a ciudadan\u00eda, instituciones y distintos sectores para trabajar por el municipio, la historia de estos cinco a\u00f1os no se limita a una administraci\u00f3n, sino a la suma de esfuerzos que la alcaldesa Miriam Soto ha logrado gestionar para construir el Meoqui que sus habitantes quieren para el presente y para las pr\u00f3ximas generaciones.<\/p>\n","protected":false},"excerpt":{"rendered":"<p>&nbsp; &nbsp; _Con Miriam Soto al frente, el proyecto de gobierno se construy\u00f3 con cercan\u00eda, participaci\u00f3n y convicci\u00f3n de que Meoqui puede pensar en grande_ Hace cinco a\u00f1os comenz\u00f3 un proyecto de gobierno que parti\u00f3 de una convicci\u00f3n en la cual Meoqui pod\u00eda aspirar a m\u00e1s, esto bajo el liderazgo de la alcaldesa Miriam Soto, dio paso a una forma distinta de hacer las cosas, con cercan\u00eda, escucha y trabajo en equipo, desde el inicio de su administraci\u00f3n, Miriam Soto plante\u00f3 que el desarrollo del municipio no deb\u00eda medirse \u00fanicamente por el tama\u00f1o de los recursos disponibles, sino por la capacidad de convertir las ideas y los sue\u00f1os de las familias meoquenses en acciones concretas. Con esta visi\u00f3n, las personas y las familias fueron colocadas como una prioridad en la toma de decisiones, procurando que cada acci\u00f3n emprendida desde el Gobierno Municipal tuviera como prop\u00f3sito atender necesidades reales y contribuir a mejorar la calidad de vida de quienes viven en Meoqui, as\u00ed empezaron cinco a\u00f1os de trabajo encabezado por la alcaldesa Miriam Soto. A cinco a\u00f1os de aquel punto de partida con la Arq. Miriam Soto encabezando la Administraci\u00f3n Municipal, su manera de gobernar le ha permitido consolidar un proyecto que ha sumado a ciudadan\u00eda, instituciones y distintos sectores para trabajar por el municipio, la historia de estos cinco a\u00f1os no se limita a una administraci\u00f3n, sino a la suma de esfuerzos que la alcaldesa Miriam Soto ha logrado gestionar para construir el Meoqui que sus habitantes quieren para el presente y para las pr\u00f3ximas generaciones.<\/p>\n","protected":false},"author":2,"featured_media":24736,"comment_status":"open","ping_status":"open","sticky":false,"template":"","format":"standard","meta":{"_monsterinsights_skip_tracking":false,"advanced_seo_description":"","jetpack_seo_html_title":"","jetpack_seo_noindex":false,"_jetpack_memberships_contains_paid_content":false,"footnotes":"","jetpack_publicize_message":"","jetpack_publicize_feature_enabled":true,"jetpack_social_post_already_shared":true,"jetpack_social_options":{"image_generator_settings":{"template":"highway","enabled":false},"version":2}},"categories":[8,135,11],"tags":[],"class_list":["post-24735","post","type-post","status-publish","format-standard","has-post-thumbnail","hentry","category-estado","category-lo-mas-leido","category-principal"],"jetpack_publicize_connections":[],"jetpack_sharing_enabled":true,"jetpack_featured_media_url":"https:\/\/i0.wp.com\/alcierrenoticias.com\/wp-content\/uploads\/2026\/09\/WhatsApp-Image-2026-09-02-at-19.52.42.jpeg?fit=1283%2C856&ssl=1","amp_enabled":true,"_links":{"self":[{"href":"https:\/\/alcierrenoticias.com\/index.php\/wp-json\/wp\/v2\/posts\/24735","targetHints":{"allow":["GET"]}}],"collection":[{"href":"https:\/\/alcierrenoticias.com\/index.php\/wp-json\/wp\/v2\/posts"}],"about":[{"href":"https:\/\/alcierrenoticias.com\/index.php\/wp-json\/wp\/v2\/types\/post"}],"author":[{"embeddable":true,"href":"https:\/\/alcierrenoticias.com\/index.php\/wp-json\/wp\/v2\/users\/2"}],"replies":[{"embeddable":true,"href":"https:\/\/alcierrenoticias.com\/index.php\/wp-json\/wp\/v2\/comments?post=24735"}],"version-history":[{"count":1,"href":"https:\/\/alcierrenoticias.com\/index.php\/wp-json\/wp\/v2\/posts\/24735\/revisions"}],"predecessor-version":[{"id":24737,"href":"https:\/\/alcierrenoticias.com\/index.php\/wp-json\/wp\/v2\/posts\/24735\/revisions\/24737"}],"wp:featuredmedia":[{"embeddable":true,"href":"https:\/\/alcierrenoticias.com\/index.php\/wp-json\/wp\/v2\/media\/24736"}],"wp:attachment":[{"href":"https:\/\/alcierrenoticias.com\/index.php\/wp-json\/wp\/v2\/media?parent=24735"}],"wp:term":[{"taxonomy":"category","embeddable":true,"href":"https:\/\/alcierrenoticias.com\/index.php\/wp-json\/wp\/v2\/categories?post=24735"},{"taxonomy":"post_tag","embeddable":true,"href":"https:\/\/alcierrenoticias.com\/index.php\/wp-json\/wp\/v2\/tags?post=24735"}],"curies":[{"name":"wp","href":"https:\/\/api.w.org\/{rel}","templated":true}]}}