{"id":24697,"date":"2026-08-29T16:58:16","date_gmt":"2026-08-29T22:58:16","guid":{"rendered":"https:\/\/alcierrenoticias.com\/?p=24697"},"modified":"2026-08-31T14:02:44","modified_gmt":"2026-08-31T20:02:44","slug":"reducen-el-50-costo-de-capacitacion-para-mipymes-agroindustriales-de-meoqui","status":"publish","type":"post","link":"https:\/\/alcierrenoticias.com\/index.php\/2026\/08\/29\/reducen-el-50-costo-de-capacitacion-para-mipymes-agroindustriales-de-meoqui\/","title":{"rendered":"Reducen el 50% costo de capacitaci\u00f3n para MiPyMes agroindustriales de Meoqui."},"content":{"rendered":"<p>Tendr\u00e1 un costo de 2 mil pesos por persona e iniciar\u00e1 el viernes 4 de septiembre con ocho m\u00f3dulos especializados<\/p>\n<p>Las empresas agroindustriales de Meoqui y la regi\u00f3n podr\u00e1n participar en el Programa de Profesionalizaci\u00f3n Empresarial MiPyMes Agroindustriales, ahora al 50% y con un costo de 2 mil pesos por persona, gracias a la ampliaci\u00f3n del subsidio mediante el trabajo conjunto entre el Gobierno Municipal encabezado por la alcaldesa Miriam Soto, Gobierno del Estado y CANACINTRA, por lo que quienes est\u00e9n interesados pueden solicitar informaci\u00f3n al 614 372 1307 y aprovechar los \u00faltimos espacios disponibles.<\/p>\n<p>El programa iniciar\u00e1 el pr\u00f3ximo 4 de septiembre en la UTCam Meoqui y contempla una duraci\u00f3n de 32 horas distribuidas en ocho m\u00f3dulos, con una sesi\u00f3n semanal en modalidad presencial. La capacitaci\u00f3n abordar\u00e1 temas como estrategias, innovaci\u00f3n e inteligencia competitiva, empresas familiares y sucesi\u00f3n, aspectos legales y fiscales, finanzas, gesti\u00f3n de talento, normatividad, sostenibilidad, procesos y productividad operativa.<\/p>\n<p>El director de Desarrollo Econ\u00f3mico y Turismo de Meoqui, Alan Mata, explic\u00f3 que anteriormente el programa contaba con un subsidio del 80%, con un costo de 4 mil pesos por participante, mientras que con la ampliaci\u00f3n del beneficio el monto se redujo a la mitad, quedando en 2 mil pesos. De igual manera, invit\u00f3 a las empresas del sector a aprovechar esta oportunidad de profesionalizaci\u00f3n, destacando que los m\u00f3dulos brindar\u00e1n herramientas para fortalecer la operaci\u00f3n y competitividad de las MiPyMEs agroindustriales.<\/p>\n<p>La capacitaci\u00f3n se desarrolla en coordinaci\u00f3n con CANACINTRA Chihuahua, la Secretar\u00eda de Desarrollo Rural de Gobierno del Estado, M\u00c1S CHIHUAHUA y BWolven, y mantiene un cupo limitado para las empresas interesadas.<\/p>\n","protected":false},"excerpt":{"rendered":"<p>Tendr\u00e1 un costo de 2 mil pesos por persona e iniciar\u00e1 el viernes 4 de septiembre con ocho m\u00f3dulos especializados Las empresas agroindustriales de Meoqui y la regi\u00f3n podr\u00e1n participar en el Programa de Profesionalizaci\u00f3n Empresarial MiPyMes Agroindustriales, ahora al 50% y con un costo de 2 mil pesos por persona, gracias a la ampliaci\u00f3n del subsidio mediante el trabajo conjunto entre el Gobierno Municipal encabezado por la alcaldesa Miriam Soto, Gobierno del Estado y CANACINTRA, por lo que quienes est\u00e9n interesados pueden solicitar informaci\u00f3n al 614 372 1307 y aprovechar los \u00faltimos espacios disponibles. El programa iniciar\u00e1 el pr\u00f3ximo 4 de septiembre en la UTCam Meoqui y contempla una duraci\u00f3n de 32 horas distribuidas en ocho m\u00f3dulos, con una sesi\u00f3n semanal en modalidad presencial. La capacitaci\u00f3n abordar\u00e1 temas como estrategias, innovaci\u00f3n e inteligencia competitiva, empresas familiares y sucesi\u00f3n, aspectos legales y fiscales, finanzas, gesti\u00f3n de talento, normatividad, sostenibilidad, procesos y productividad operativa. El director de Desarrollo Econ\u00f3mico y Turismo de Meoqui, Alan Mata, explic\u00f3 que anteriormente el programa contaba con un subsidio del 80%, con un costo de 4 mil pesos por participante, mientras que con la ampliaci\u00f3n del beneficio el monto se redujo a la mitad, quedando en 2 mil pesos. De igual manera, invit\u00f3 a las empresas del sector a aprovechar esta oportunidad de profesionalizaci\u00f3n, destacando que los m\u00f3dulos brindar\u00e1n herramientas para fortalecer la operaci\u00f3n y competitividad de las MiPyMEs agroindustriales. La capacitaci\u00f3n se desarrolla en coordinaci\u00f3n con CANACINTRA Chihuahua, la Secretar\u00eda de Desarrollo Rural de Gobierno del Estado, M\u00c1S CHIHUAHUA y BWolven, y mantiene un cupo limitado para las empresas interesadas.<\/p>\n","protected":false},"author":2,"featured_media":24698,"comment_status":"open","ping_status":"open","sticky":false,"template":"","format":"standard","meta":{"_monsterinsights_skip_tracking":false,"advanced_seo_description":"","jetpack_seo_html_title":"","jetpack_seo_noindex":false,"_jetpack_memberships_contains_paid_content":false,"footnotes":"","jetpack_publicize_message":"","jetpack_publicize_feature_enabled":true,"jetpack_social_post_already_shared":true,"jetpack_social_options":{"image_generator_settings":{"template":"highway","enabled":false},"version":2}},"categories":[7],"tags":[],"class_list":["post-24697","post","type-post","status-publish","format-standard","has-post-thumbnail","hentry","category-local"],"jetpack_publicize_connections":[],"jetpack_sharing_enabled":true,"jetpack_featured_media_url":"https:\/\/i0.wp.com\/alcierrenoticias.com\/wp-content\/uploads\/2026\/08\/WhatsApp-Image-2026-08-29-at-4.30.39-PM-e1788206532422.jpeg?fit=400%2C492&ssl=1","amp_enabled":true,"_links":{"self":[{"href":"https:\/\/alcierrenoticias.com\/index.php\/wp-json\/wp\/v2\/posts\/24697","targetHints":{"allow":["GET"]}}],"collection":[{"href":"https:\/\/alcierrenoticias.com\/index.php\/wp-json\/wp\/v2\/posts"}],"about":[{"href":"https:\/\/alcierrenoticias.com\/index.php\/wp-json\/wp\/v2\/types\/post"}],"author":[{"embeddable":true,"href":"https:\/\/alcierrenoticias.com\/index.php\/wp-json\/wp\/v2\/users\/2"}],"replies":[{"embeddable":true,"href":"https:\/\/alcierrenoticias.com\/index.php\/wp-json\/wp\/v2\/comments?post=24697"}],"version-history":[{"count":2,"href":"https:\/\/alcierrenoticias.com\/index.php\/wp-json\/wp\/v2\/posts\/24697\/revisions"}],"predecessor-version":[{"id":24700,"href":"https:\/\/alcierrenoticias.com\/index.php\/wp-json\/wp\/v2\/posts\/24697\/revisions\/24700"}],"wp:featuredmedia":[{"embeddable":true,"href":"https:\/\/alcierrenoticias.com\/index.php\/wp-json\/wp\/v2\/media\/24698"}],"wp:attachment":[{"href":"https:\/\/alcierrenoticias.com\/index.php\/wp-json\/wp\/v2\/media?parent=24697"}],"wp:term":[{"taxonomy":"category","embeddable":true,"href":"https:\/\/alcierrenoticias.com\/index.php\/wp-json\/wp\/v2\/categories?post=24697"},{"taxonomy":"post_tag","embeddable":true,"href":"https:\/\/alcierrenoticias.com\/index.php\/wp-json\/wp\/v2\/tags?post=24697"}],"curies":[{"name":"wp","href":"https:\/\/api.w.org\/{rel}","templated":true}]}}