{"id":236,"date":"2022-05-18T09:25:42","date_gmt":"2022-05-18T15:25:42","guid":{"rendered":"https:\/\/alcierrenoticias.com\/?p=236"},"modified":"2022-05-18T10:02:08","modified_gmt":"2022-05-18T16:02:08","slug":"arranque-regional-en-meoqui-de-la-semana-del-trabajador-de-la-educacion-2","status":"publish","type":"post","link":"https:\/\/alcierrenoticias.com\/index.php\/2022\/05\/18\/arranque-regional-en-meoqui-de-la-semana-del-trabajador-de-la-educacion-2\/","title":{"rendered":"Arranque regional en Meoqui de la Semana del Trabajador de la Educaci\u00f3n"},"content":{"rendered":"<p><strong>\u00a0<\/strong>Se estar\u00e1n desarrollando actividades desde el seccional de L\u00e1zaro C\u00e1rdenas en Meoqui hasta el municipio de Jim\u00e9nez<\/p>\n<p><em>\u00a0<\/em><\/p>\n<p>\u201cUstedes siembran una semilla muy importante como maestros y maestras\u201d as\u00ed lo dijo Miriam Soto, alcaldesa de Meoqui, durante el arranque de la \u201cSemana del Trabajador de la Educaci\u00f3n\u201d por parte de los Servicios Educativos del Estado de Chihuahua, la cual dio inicio este lunes en el bulevar Eduardo N\u00e1jera de Meoqui y consiste en realizar eventos culturales y deportivos durante toda la semana en los diferentes municipios de la regi\u00f3n centro sur con motivo de celebrar a los trabajadores de la educaci\u00f3n en el marco del d\u00eda del maestro.<\/p>\n<p>Se cont\u00f3 con la presencia del maestro Ricardo Robles G\u00f3mez, coordinador regional de educaci\u00f3n para la Secretar\u00eda de Educaci\u00f3n y Deporte de Gobierno del estado quien coment\u00f3 \u201cEstamos arrancando esta \u201cSemana del Trabajador de la Educaci\u00f3n\u201d por instrucciones de la Gobernadora, Mar\u00eda Eugenia Campos Galv\u00e1n y del Secretario de Educaci\u00f3n, Javier Gonz\u00e1lez Mocken, organizamos los festejos para el trabajador de la educaci\u00f3n. Es importante esta semana ya que se estar\u00e1n desarrollando actividades desde el seccional de L\u00e1zaro C\u00e1rdenas en Meoqui hasta el municipio de Jim\u00e9nez\u201d.<\/p>\n<p>Miriam Soto, durante su discurso reconoci\u00f3 la importancia de los maestros para el futuro de los ni\u00f1os y j\u00f3venes: \u201custedes son los artesanos de los ni\u00f1os y de las ni\u00f1as y ustedes son formadores de los pr\u00f3ximos profesionistas. Les agradezco mucho todo lo que hacen por nuestros ni\u00f1os y ni\u00f1as, que yo se que tambi\u00e9n dan mucho el extra y que no es nada sencillo sobre todo en esta \u00e9poca de pandemia\u201d.<\/p>\n<p>As\u00ed mismo, mencion\u00f3 en entrevista lo siguiente: \u201cComo Gobierno Municipal estamos muy apostados en el tema de la educaci\u00f3n, hemos firmado convenios con universidades para poder ayudar a los estudiantes y tambi\u00e9n este a\u00f1o tendremos zapatos y uniformes gratuitos para nivel b\u00e1sico\u201d.<\/p>\n<p>Reconoci\u00f3 el trabajo que ha realizado la alcaldesa de Meoqui para la educaci\u00f3n de los Meoquenses: \u201cQue mejor lugar para arrancar que Meoqui, con el apoyo total e incondicional que siempre hemos tenido por parte de la alcaldesa, ella siempre esta muy al pendiente de las necesidades de nuestras escuelas, de nuestros ni\u00f1os y de nuestros trabajadores\u201d.<\/p>\n<p>Finaliz\u00f3 diciendo que concluir\u00e1n esta celebraci\u00f3n con una gala art\u00edstica cultural en el Sal\u00f3n Simap donde se exhibir\u00e1n muestras de diferentes artistas pl\u00e1sticos y de pintura, continuando con una gala art\u00edstica con cantantes y m\u00fasicos la cual ser\u00e1 este viernes en punto de las 8 de la noche.<\/p>\n<div class=\"newspaper-x-tags\"><strong>ETIQUETAS: <\/strong><span><a href=\"https:\/\/alcierrenoticias.com\/index.php\/tag\/meoqui\/\" rel=\"tag\">Meoqui<\/a><\/span><a href=\"https:\/\/alcierrenoticias.com\/index.php\/tag\/miriam-soto\/\" rel=\"tag\">Miriam Soto<\/a><\/span><a href=\"https:\/\/alcierrenoticias.com\/index.php\/tag\/top\/\" rel=\"tag\">Top<\/a> <\/div>\n","protected":false},"excerpt":{"rendered":"<p>\u00a0Se estar\u00e1n desarrollando actividades desde el seccional de L\u00e1zaro C\u00e1rdenas en Meoqui hasta el municipio de Jim\u00e9nez \u00a0 \u201cUstedes siembran una semilla muy importante como maestros y maestras\u201d as\u00ed lo dijo Miriam Soto, alcaldesa de Meoqui, durante el arranque de la \u201cSemana del Trabajador de la Educaci\u00f3n\u201d por parte de los Servicios Educativos del Estado de Chihuahua, la cual dio inicio este lunes en el bulevar Eduardo N\u00e1jera de Meoqui y consiste en realizar eventos culturales y deportivos durante toda la semana en los diferentes municipios de la regi\u00f3n centro sur con motivo de celebrar a los trabajadores de la educaci\u00f3n en el marco del d\u00eda del maestro. Se cont\u00f3 con la presencia del maestro Ricardo Robles G\u00f3mez, coordinador regional de educaci\u00f3n para la Secretar\u00eda de Educaci\u00f3n y Deporte de Gobierno del estado quien coment\u00f3 \u201cEstamos arrancando esta \u201cSemana del Trabajador de la Educaci\u00f3n\u201d por instrucciones de la Gobernadora, Mar\u00eda Eugenia Campos Galv\u00e1n y del Secretario de Educaci\u00f3n, Javier Gonz\u00e1lez Mocken, organizamos los festejos para el trabajador de la educaci\u00f3n. Es importante esta semana ya que se estar\u00e1n desarrollando actividades desde el seccional de L\u00e1zaro C\u00e1rdenas en Meoqui hasta el municipio de Jim\u00e9nez\u201d. Miriam Soto, durante su discurso reconoci\u00f3 la importancia de los maestros para el futuro de los ni\u00f1os y j\u00f3venes: \u201custedes son los artesanos de los ni\u00f1os y de las ni\u00f1as y ustedes son formadores de los pr\u00f3ximos profesionistas. Les agradezco mucho todo lo que hacen por nuestros ni\u00f1os y ni\u00f1as, que yo se que tambi\u00e9n dan mucho el extra y que no es nada sencillo sobre todo en esta \u00e9poca de pandemia\u201d. As\u00ed mismo, mencion\u00f3 en entrevista lo siguiente: \u201cComo Gobierno Municipal estamos muy apostados en el tema de la educaci\u00f3n, hemos firmado convenios con universidades para poder ayudar a los estudiantes y tambi\u00e9n este a\u00f1o tendremos zapatos y uniformes gratuitos para nivel b\u00e1sico\u201d. Reconoci\u00f3 el trabajo que ha realizado la alcaldesa de Meoqui para la educaci\u00f3n de los Meoquenses: \u201cQue mejor lugar para arrancar que Meoqui, con el apoyo total e incondicional que siempre hemos tenido por parte de la alcaldesa, ella siempre esta muy al pendiente de las necesidades de nuestras escuelas, de nuestros ni\u00f1os y de nuestros trabajadores\u201d. Finaliz\u00f3 diciendo que concluir\u00e1n esta celebraci\u00f3n con una gala art\u00edstica cultural en el Sal\u00f3n Simap donde se exhibir\u00e1n muestras de diferentes artistas pl\u00e1sticos y de pintura, continuando con una gala art\u00edstica con cantantes y m\u00fasicos la cual ser\u00e1 este viernes en punto de las 8 de la noche. ETIQUETAS: MeoquiMiriam SotoTop<\/p>\n","protected":false},"author":2,"featured_media":237,"comment_status":"open","ping_status":"open","sticky":false,"template":"","format":"standard","meta":{"_monsterinsights_skip_tracking":false,"_monsterinsights_sitenote_active":false,"_monsterinsights_sitenote_note":"","_monsterinsights_sitenote_category":0,"advanced_seo_description":"","jetpack_seo_html_title":"","jetpack_seo_noindex":false,"_jetpack_memberships_contains_paid_content":false,"footnotes":"","jetpack_publicize_message":"","jetpack_publicize_feature_enabled":true,"jetpack_social_post_already_shared":true,"jetpack_social_options":{"image_generator_settings":{"template":"highway","enabled":false},"version":2}},"categories":[135,7,143],"tags":[20,21,45],"class_list":["post-236","post","type-post","status-publish","format-standard","has-post-thumbnail","hentry","category-lo-mas-leido","category-local","category-top","tag-meoqui","tag-miriam-soto","tag-top"],"jetpack_publicize_connections":[],"jetpack_sharing_enabled":true,"jetpack_featured_media_url":"https:\/\/i0.wp.com\/alcierrenoticias.com\/wp-content\/uploads\/2022\/05\/WhatsApp-Image-2022-05-17-at-6.13.22-PM.jpeg?fit=1280%2C853&ssl=1","amp_enabled":true,"_links":{"self":[{"href":"https:\/\/alcierrenoticias.com\/index.php\/wp-json\/wp\/v2\/posts\/236","targetHints":{"allow":["GET"]}}],"collection":[{"href":"https:\/\/alcierrenoticias.com\/index.php\/wp-json\/wp\/v2\/posts"}],"about":[{"href":"https:\/\/alcierrenoticias.com\/index.php\/wp-json\/wp\/v2\/types\/post"}],"author":[{"embeddable":true,"href":"https:\/\/alcierrenoticias.com\/index.php\/wp-json\/wp\/v2\/users\/2"}],"replies":[{"embeddable":true,"href":"https:\/\/alcierrenoticias.com\/index.php\/wp-json\/wp\/v2\/comments?post=236"}],"version-history":[{"count":1,"href":"https:\/\/alcierrenoticias.com\/index.php\/wp-json\/wp\/v2\/posts\/236\/revisions"}],"predecessor-version":[{"id":238,"href":"https:\/\/alcierrenoticias.com\/index.php\/wp-json\/wp\/v2\/posts\/236\/revisions\/238"}],"wp:featuredmedia":[{"embeddable":true,"href":"https:\/\/alcierrenoticias.com\/index.php\/wp-json\/wp\/v2\/media\/237"}],"wp:attachment":[{"href":"https:\/\/alcierrenoticias.com\/index.php\/wp-json\/wp\/v2\/media?parent=236"}],"wp:term":[{"taxonomy":"category","embeddable":true,"href":"https:\/\/alcierrenoticias.com\/index.php\/wp-json\/wp\/v2\/categories?post=236"},{"taxonomy":"post_tag","embeddable":true,"href":"https:\/\/alcierrenoticias.com\/index.php\/wp-json\/wp\/v2\/tags?post=236"}],"curies":[{"name":"wp","href":"https:\/\/api.w.org\/{rel}","templated":true}]}}