{"id":2327,"date":"2023-05-05T15:30:18","date_gmt":"2023-05-05T21:30:18","guid":{"rendered":"https:\/\/alcierrenoticias.com\/?p=2327"},"modified":"2023-05-05T15:30:18","modified_gmt":"2023-05-05T21:30:18","slug":"anuncia-miriam-soto-nueva-techumbre-en-primaria-de-la-colonia-genaro-vazquez-en-meoqui","status":"publish","type":"post","link":"https:\/\/alcierrenoticias.com\/index.php\/2023\/05\/05\/anuncia-miriam-soto-nueva-techumbre-en-primaria-de-la-colonia-genaro-vazquez-en-meoqui\/","title":{"rendered":"Anuncia Miriam Soto nueva techumbre en primaria de la Colonia Genaro V\u00e1zquez en Meoqui."},"content":{"rendered":"<p><em>\u201cConfiamos en todas tus habilidades y en tu trabajo alcaldesa, s\u00e9 que esta techumbre va a ayudar a muchas generaciones\u201d: Directora de la escuela Farabundo Mart\u00ed<\/em><\/p>\n<p>&nbsp;<\/p>\n<p>\u201cLes tenemos una gran noticia, aqu\u00ed en su escuela, vamos a construir una techumbre\u201d, as\u00ed anunci\u00f3 la alcaldesa Miriam Soto esta obra en la Primaria Farabundo Mart\u00ed, donde alumnos, padres de familia, docentes y directivos agradecieron por las gestiones realizadas por la presidenta municipal, para hacer realidad este proyecto, ya que esta instituci\u00f3n es de las pocas en el municipio que no contaban con un domo en las canchas.<\/p>\n<p>&nbsp;<\/p>\n<p>Desde la instituci\u00f3n educativa ubicada en la Colonia Genaro V\u00e1zquez, la alcaldesa dio el anuncio de la obra que tanto esperaban en esta escuela, donde Alejandra Bustamante, directora de la Primaria Farabundo Marti, agradeciendo expres\u00f3: \u201cEsto ya es una realidad, vamos a gritar \u00a1Miriam Soto, gracias! y denle un aplauso, confiamos en todas tus habilidades y en tu trabajo alcaldesa, s\u00e9 que esta techumbre va a ayudar a muchas generaciones, para tener eventos deportivos y graduaciones\u201d.<\/p>\n<p><img data-recalc-dims=\"1\" fetchpriority=\"high\" decoding=\"async\" class=\"alignnone  wp-image-2329\" src=\"https:\/\/i0.wp.com\/alcierrenoticias.com\/wp-content\/uploads\/2023\/05\/WhatsApp-Image-2023-05-05-at-11.09.28-AM.jpeg?resize=750%2C490&#038;ssl=1\" alt=\"\" width=\"750\" height=\"490\" srcset=\"https:\/\/i0.wp.com\/alcierrenoticias.com\/wp-content\/uploads\/2023\/05\/WhatsApp-Image-2023-05-05-at-11.09.28-AM.jpeg?resize=300%2C196&amp;ssl=1 300w, https:\/\/i0.wp.com\/alcierrenoticias.com\/wp-content\/uploads\/2023\/05\/WhatsApp-Image-2023-05-05-at-11.09.28-AM.jpeg?resize=1024%2C669&amp;ssl=1 1024w, https:\/\/i0.wp.com\/alcierrenoticias.com\/wp-content\/uploads\/2023\/05\/WhatsApp-Image-2023-05-05-at-11.09.28-AM.jpeg?resize=768%2C502&amp;ssl=1 768w, https:\/\/i0.wp.com\/alcierrenoticias.com\/wp-content\/uploads\/2023\/05\/WhatsApp-Image-2023-05-05-at-11.09.28-AM.jpeg?resize=1536%2C1003&amp;ssl=1 1536w, https:\/\/i0.wp.com\/alcierrenoticias.com\/wp-content\/uploads\/2023\/05\/WhatsApp-Image-2023-05-05-at-11.09.28-AM.jpeg?resize=550%2C360&amp;ssl=1 550w, https:\/\/i0.wp.com\/alcierrenoticias.com\/wp-content\/uploads\/2023\/05\/WhatsApp-Image-2023-05-05-at-11.09.28-AM.jpeg?w=1600&amp;ssl=1 1600w\" sizes=\"(max-width: 750px) 100vw, 750px\" \/><\/p>\n<p>A su vez, la arquitecta Miriam Soto destac\u00f3 que luego de la petici\u00f3n que realizaron, comenzaron las gestiones, logrando hacer alianza con Gobierno del Estado, el Consejo de Estacion\u00f3metros de Meoqui y FECHAC, quienes sumar\u00e1n esfuerzos para hacer realidad esta techumbre con una inversi\u00f3n de m\u00e1s de dos millones de pesos.<\/p>\n<p>&nbsp;<\/p>\n<p>\u201cEsta es una de las pocas primarias que no cuenta con una techumbre para cuidar a los ni\u00f1os y ni\u00f1as de los fuertes rayos del sol, es por eso que tocamos la puerta de muchas instituciones, sepan que todas las escuelas del municipio son importantes para el Gobierno Municipal\u201d, finaliz\u00f3 la alcaldesa.<\/p>\n<p>&nbsp;<\/p>\n<p>En este evento tambi\u00e9n integraron el Pres\u00eddium Juan Pablo Legarreta, S\u00edndico Municipal, Ulises Escobar, director de Obras P\u00fablicas Municipales y Claudia Cruz, representante de Padres de Familia.<\/p>\n<p>&nbsp;<\/p>\n","protected":false},"excerpt":{"rendered":"<p>\u201cConfiamos en todas tus habilidades y en tu trabajo alcaldesa, s\u00e9 que esta techumbre va a ayudar a muchas generaciones\u201d: Directora de la escuela Farabundo Mart\u00ed &nbsp; \u201cLes tenemos una gran noticia, aqu\u00ed en su escuela, vamos a construir una techumbre\u201d, as\u00ed anunci\u00f3 la alcaldesa Miriam Soto esta obra en la Primaria Farabundo Mart\u00ed, donde alumnos, padres de familia, docentes y directivos agradecieron por las gestiones realizadas por la presidenta municipal, para hacer realidad este proyecto, ya que esta instituci\u00f3n es de las pocas en el municipio que no contaban con un domo en las canchas. &nbsp; Desde la instituci\u00f3n educativa ubicada en la Colonia Genaro V\u00e1zquez, la alcaldesa dio el anuncio de la obra que tanto esperaban en esta escuela, donde Alejandra Bustamante, directora de la Primaria Farabundo Marti, agradeciendo expres\u00f3: \u201cEsto ya es una realidad, vamos a gritar \u00a1Miriam Soto, gracias! y denle un aplauso, confiamos en todas tus habilidades y en tu trabajo alcaldesa, s\u00e9 que esta techumbre va a ayudar a muchas generaciones, para tener eventos deportivos y graduaciones\u201d. A su vez, la arquitecta Miriam Soto destac\u00f3 que luego de la petici\u00f3n que realizaron, comenzaron las gestiones, logrando hacer alianza con Gobierno del Estado, el Consejo de Estacion\u00f3metros de Meoqui y FECHAC, quienes sumar\u00e1n esfuerzos para hacer realidad esta techumbre con una inversi\u00f3n de m\u00e1s de dos millones de pesos. &nbsp; \u201cEsta es una de las pocas primarias que no cuenta con una techumbre para cuidar a los ni\u00f1os y ni\u00f1as de los fuertes rayos del sol, es por eso que tocamos la puerta de muchas instituciones, sepan que todas las escuelas del municipio son importantes para el Gobierno Municipal\u201d, finaliz\u00f3 la alcaldesa. &nbsp; En este evento tambi\u00e9n integraron el Pres\u00eddium Juan Pablo Legarreta, S\u00edndico Municipal, Ulises Escobar, director de Obras P\u00fablicas Municipales y Claudia Cruz, representante de Padres de Familia. &nbsp;<\/p>\n","protected":false},"author":2,"featured_media":2328,"comment_status":"open","ping_status":"open","sticky":false,"template":"","format":"standard","meta":{"_monsterinsights_skip_tracking":false,"_monsterinsights_sitenote_active":false,"_monsterinsights_sitenote_note":"","_monsterinsights_sitenote_category":0,"advanced_seo_description":"","jetpack_seo_html_title":"","jetpack_seo_noindex":false,"_jetpack_memberships_contains_paid_content":false,"footnotes":"","jetpack_publicize_message":"","jetpack_publicize_feature_enabled":true,"jetpack_social_post_already_shared":true,"jetpack_social_options":{"image_generator_settings":{"template":"highway","enabled":false},"version":2}},"categories":[135,7,11],"tags":[],"class_list":["post-2327","post","type-post","status-publish","format-standard","has-post-thumbnail","hentry","category-lo-mas-leido","category-local","category-principal"],"jetpack_publicize_connections":[],"jetpack_sharing_enabled":true,"jetpack_featured_media_url":"https:\/\/i0.wp.com\/alcierrenoticias.com\/wp-content\/uploads\/2023\/05\/WhatsApp-Image-2023-05-05-at-11.09.28-AM-1.jpeg?fit=1600%2C905&ssl=1","amp_enabled":true,"_links":{"self":[{"href":"https:\/\/alcierrenoticias.com\/index.php\/wp-json\/wp\/v2\/posts\/2327","targetHints":{"allow":["GET"]}}],"collection":[{"href":"https:\/\/alcierrenoticias.com\/index.php\/wp-json\/wp\/v2\/posts"}],"about":[{"href":"https:\/\/alcierrenoticias.com\/index.php\/wp-json\/wp\/v2\/types\/post"}],"author":[{"embeddable":true,"href":"https:\/\/alcierrenoticias.com\/index.php\/wp-json\/wp\/v2\/users\/2"}],"replies":[{"embeddable":true,"href":"https:\/\/alcierrenoticias.com\/index.php\/wp-json\/wp\/v2\/comments?post=2327"}],"version-history":[{"count":1,"href":"https:\/\/alcierrenoticias.com\/index.php\/wp-json\/wp\/v2\/posts\/2327\/revisions"}],"predecessor-version":[{"id":2330,"href":"https:\/\/alcierrenoticias.com\/index.php\/wp-json\/wp\/v2\/posts\/2327\/revisions\/2330"}],"wp:featuredmedia":[{"embeddable":true,"href":"https:\/\/alcierrenoticias.com\/index.php\/wp-json\/wp\/v2\/media\/2328"}],"wp:attachment":[{"href":"https:\/\/alcierrenoticias.com\/index.php\/wp-json\/wp\/v2\/media?parent=2327"}],"wp:term":[{"taxonomy":"category","embeddable":true,"href":"https:\/\/alcierrenoticias.com\/index.php\/wp-json\/wp\/v2\/categories?post=2327"},{"taxonomy":"post_tag","embeddable":true,"href":"https:\/\/alcierrenoticias.com\/index.php\/wp-json\/wp\/v2\/tags?post=2327"}],"curies":[{"name":"wp","href":"https:\/\/api.w.org\/{rel}","templated":true}]}}