{"id":2294,"date":"2023-05-03T22:47:11","date_gmt":"2023-05-04T04:47:11","guid":{"rendered":"https:\/\/alcierrenoticias.com\/?p=2294"},"modified":"2023-05-03T22:47:11","modified_gmt":"2023-05-04T04:47:11","slug":"fija-postura-imss-sobre-accidente-en-carretera","status":"publish","type":"post","link":"https:\/\/alcierrenoticias.com\/index.php\/2023\/05\/03\/fija-postura-imss-sobre-accidente-en-carretera\/","title":{"rendered":"Fija postura IMSS sobre accidente en carretera."},"content":{"rendered":"<p>Se van a deslindar resposabilidades.<\/p>\n<p>Sobre el accidente carretero ocurrido la tarde este mi\u00e9rcoles en el tramo Jim\u00e9nez-Camargo, el Instituto Mexicano del Seguro Social (IMSS) en Chihuahua manifiesta lo siguiente:<\/p>\n<p>\u2022 Esta Representaci\u00f3n Estatal lamenta los hechos registrados y se solidariza con las familias afectadas.<\/p>\n<p>\u2022 Se est\u00e1 dando seguimiento a la atenci\u00f3n m\u00e9dica brindada a los lesionados.<\/p>\n<p>\u2022 Se realizar\u00e1n las investigaciones correspondientes a fin de deslindar responsabilidades.<\/p>\n<p>\u2022 A trav\u00e9s de las \u00e1reas correspondientes, se entablar\u00e1 comunicaci\u00f3n con las familias de los afectados para brindar el apoyo necesario.<\/p>\n<p>El Instituto Mexicano del Seguro Social en Chihuahua refrenda su compromiso de brindar atenci\u00f3n a las y los derechohabientes de la entidad.<\/p>\n<p>&nbsp;<\/p>\n","protected":false},"excerpt":{"rendered":"<p>Se van a deslindar resposabilidades. Sobre el accidente carretero ocurrido la tarde este mi\u00e9rcoles en el tramo Jim\u00e9nez-Camargo, el Instituto Mexicano del Seguro Social (IMSS) en Chihuahua manifiesta lo siguiente: \u2022 Esta Representaci\u00f3n Estatal lamenta los hechos registrados y se solidariza con las familias afectadas. \u2022 Se est\u00e1 dando seguimiento a la atenci\u00f3n m\u00e9dica brindada a los lesionados. \u2022 Se realizar\u00e1n las investigaciones correspondientes a fin de deslindar responsabilidades. \u2022 A trav\u00e9s de las \u00e1reas correspondientes, se entablar\u00e1 comunicaci\u00f3n con las familias de los afectados para brindar el apoyo necesario. El Instituto Mexicano del Seguro Social en Chihuahua refrenda su compromiso de brindar atenci\u00f3n a las y los derechohabientes de la entidad. &nbsp;<\/p>\n","protected":false},"author":2,"featured_media":2295,"comment_status":"open","ping_status":"open","sticky":false,"template":"","format":"standard","meta":{"_monsterinsights_skip_tracking":false,"_monsterinsights_sitenote_active":false,"_monsterinsights_sitenote_note":"","_monsterinsights_sitenote_category":0,"advanced_seo_description":"","jetpack_seo_html_title":"","jetpack_seo_noindex":false,"_jetpack_memberships_contains_paid_content":false,"footnotes":"","jetpack_publicize_message":"","jetpack_publicize_feature_enabled":true,"jetpack_social_post_already_shared":true,"jetpack_social_options":{"image_generator_settings":{"template":"highway","enabled":false},"version":2}},"categories":[135,7,11],"tags":[],"class_list":["post-2294","post","type-post","status-publish","format-standard","has-post-thumbnail","hentry","category-lo-mas-leido","category-local","category-principal"],"jetpack_publicize_connections":[],"jetpack_sharing_enabled":true,"jetpack_featured_media_url":"https:\/\/i0.wp.com\/alcierrenoticias.com\/wp-content\/uploads\/2023\/05\/WhatsApp-Image-2023-05-03-at-8.29.02-PM-e1683175575950.jpeg?fit=650%2C540&ssl=1","amp_enabled":true,"_links":{"self":[{"href":"https:\/\/alcierrenoticias.com\/index.php\/wp-json\/wp\/v2\/posts\/2294","targetHints":{"allow":["GET"]}}],"collection":[{"href":"https:\/\/alcierrenoticias.com\/index.php\/wp-json\/wp\/v2\/posts"}],"about":[{"href":"https:\/\/alcierrenoticias.com\/index.php\/wp-json\/wp\/v2\/types\/post"}],"author":[{"embeddable":true,"href":"https:\/\/alcierrenoticias.com\/index.php\/wp-json\/wp\/v2\/users\/2"}],"replies":[{"embeddable":true,"href":"https:\/\/alcierrenoticias.com\/index.php\/wp-json\/wp\/v2\/comments?post=2294"}],"version-history":[{"count":1,"href":"https:\/\/alcierrenoticias.com\/index.php\/wp-json\/wp\/v2\/posts\/2294\/revisions"}],"predecessor-version":[{"id":2296,"href":"https:\/\/alcierrenoticias.com\/index.php\/wp-json\/wp\/v2\/posts\/2294\/revisions\/2296"}],"wp:featuredmedia":[{"embeddable":true,"href":"https:\/\/alcierrenoticias.com\/index.php\/wp-json\/wp\/v2\/media\/2295"}],"wp:attachment":[{"href":"https:\/\/alcierrenoticias.com\/index.php\/wp-json\/wp\/v2\/media?parent=2294"}],"wp:term":[{"taxonomy":"category","embeddable":true,"href":"https:\/\/alcierrenoticias.com\/index.php\/wp-json\/wp\/v2\/categories?post=2294"},{"taxonomy":"post_tag","embeddable":true,"href":"https:\/\/alcierrenoticias.com\/index.php\/wp-json\/wp\/v2\/tags?post=2294"}],"curies":[{"name":"wp","href":"https:\/\/api.w.org\/{rel}","templated":true}]}}