{"id":22233,"date":"2026-05-01T16:07:41","date_gmt":"2026-05-01T22:07:41","guid":{"rendered":"https:\/\/alcierrenoticias.com\/?p=22233"},"modified":"2026-05-01T16:30:27","modified_gmt":"2026-05-01T22:30:27","slug":"manana-sabado-ferias-regionales-por-del-dia-de-las-madres-en-meoqui","status":"publish","type":"post","link":"https:\/\/alcierrenoticias.com\/index.php\/2026\/05\/01\/manana-sabado-ferias-regionales-por-del-dia-de-las-madres-en-meoqui\/","title":{"rendered":"Ma\u00f1ana s\u00e1bado Ferias Regionales por del D\u00eda de las Madres en Meoqui."},"content":{"rendered":"<p>Con gran variedad de productos y ofertas, podr\u00e1n encontrar el regalo perfecto para mam\u00e1 a partir de las 10:00 a.m. en la Plaza Principal.<\/p>\n<p>El Gobierno Municipal de Meoqui, a trav\u00e9s de la Direcci\u00f3n de Desarrollo Econ\u00f3mico y Turismo, invita a la ciudadan\u00eda a las Ferias Regionales, en el marco de la Gran Venta del D\u00eda de las Madres, que se llevar\u00e1 a cabo este s\u00e1bado 2 de mayo a partir de las 10:00 de la ma\u00f1ana en la Plaza Principal, esto gracias al apoyo de Gobierno del Estado, a trav\u00e9s de la Secretar\u00eda de Desarrollo Humano y Bien Com\u00fan.<\/p>\n<p>En este evento participar\u00e1n 47 productores, quienes ofrecer\u00e1n una amplia variedad de productos frescos, artesanales y 100% locales, con atractivas ofertas, ideales para encontrar el regalo perfecto para mam\u00e1.<\/p>\n<p>As\u00ed lo inform\u00f3 Alan Mata, director de Desarrollo Econ\u00f3mico y Turismo, quien destac\u00f3 que de manera simult\u00e1nea se realizar\u00e1n la Mega Venta por el D\u00eda de las Madres con comerciantes de la Zona Centro, donde participar\u00e1n m\u00e1s de 27 expositores.<\/p>\n<p>Asimismo, se\u00f1al\u00f3 que se trata de un evento totalmente familiar, donde adem\u00e1s de realizar compras, las y los asistentes podr\u00e1n disfrutar de un ambiente agradable con m\u00fasica, fomentando el consumo local y la convivencia.<\/p>\n<p>Finalmente, resalt\u00f3 que estas actividades forman parte de las encomiendas de la alcaldesa Miriam Soto, con el objetivo de brindar espacios a emprendedores y comerciantes del municipio, adem\u00e1s de impulsar la econom\u00eda familiar de las y los meoquenses.<\/p>\n","protected":false},"excerpt":{"rendered":"<p>Con gran variedad de productos y ofertas, podr\u00e1n encontrar el regalo perfecto para mam\u00e1 a partir de las 10:00 a.m. en la Plaza Principal. El Gobierno Municipal de Meoqui, a trav\u00e9s de la Direcci\u00f3n de Desarrollo Econ\u00f3mico y Turismo, invita a la ciudadan\u00eda a las Ferias Regionales, en el marco de la Gran Venta del D\u00eda de las Madres, que se llevar\u00e1 a cabo este s\u00e1bado 2 de mayo a partir de las 10:00 de la ma\u00f1ana en la Plaza Principal, esto gracias al apoyo de Gobierno del Estado, a trav\u00e9s de la Secretar\u00eda de Desarrollo Humano y Bien Com\u00fan. En este evento participar\u00e1n 47 productores, quienes ofrecer\u00e1n una amplia variedad de productos frescos, artesanales y 100% locales, con atractivas ofertas, ideales para encontrar el regalo perfecto para mam\u00e1. As\u00ed lo inform\u00f3 Alan Mata, director de Desarrollo Econ\u00f3mico y Turismo, quien destac\u00f3 que de manera simult\u00e1nea se realizar\u00e1n la Mega Venta por el D\u00eda de las Madres con comerciantes de la Zona Centro, donde participar\u00e1n m\u00e1s de 27 expositores. Asimismo, se\u00f1al\u00f3 que se trata de un evento totalmente familiar, donde adem\u00e1s de realizar compras, las y los asistentes podr\u00e1n disfrutar de un ambiente agradable con m\u00fasica, fomentando el consumo local y la convivencia. Finalmente, resalt\u00f3 que estas actividades forman parte de las encomiendas de la alcaldesa Miriam Soto, con el objetivo de brindar espacios a emprendedores y comerciantes del municipio, adem\u00e1s de impulsar la econom\u00eda familiar de las y los meoquenses.<\/p>\n","protected":false},"author":2,"featured_media":22234,"comment_status":"open","ping_status":"open","sticky":false,"template":"","format":"standard","meta":{"_monsterinsights_skip_tracking":false,"_monsterinsights_sitenote_active":false,"_monsterinsights_sitenote_note":"","_monsterinsights_sitenote_category":0,"advanced_seo_description":"","jetpack_seo_html_title":"","jetpack_seo_noindex":false,"_jetpack_memberships_contains_paid_content":false,"footnotes":"","jetpack_publicize_message":"","jetpack_publicize_feature_enabled":true,"jetpack_social_post_already_shared":true,"jetpack_social_options":{"image_generator_settings":{"template":"highway","enabled":false},"version":2}},"categories":[135,7,11],"tags":[],"class_list":["post-22233","post","type-post","status-publish","format-standard","has-post-thumbnail","hentry","category-lo-mas-leido","category-local","category-principal"],"jetpack_publicize_connections":[],"jetpack_sharing_enabled":true,"jetpack_featured_media_url":"https:\/\/i0.wp.com\/alcierrenoticias.com\/wp-content\/uploads\/2026\/05\/WhatsApp-Image-2026-05-01-at-3.35.53-PM-e1777674620926.jpeg?fit=500%2C625&ssl=1","amp_enabled":true,"_links":{"self":[{"href":"https:\/\/alcierrenoticias.com\/index.php\/wp-json\/wp\/v2\/posts\/22233","targetHints":{"allow":["GET"]}}],"collection":[{"href":"https:\/\/alcierrenoticias.com\/index.php\/wp-json\/wp\/v2\/posts"}],"about":[{"href":"https:\/\/alcierrenoticias.com\/index.php\/wp-json\/wp\/v2\/types\/post"}],"author":[{"embeddable":true,"href":"https:\/\/alcierrenoticias.com\/index.php\/wp-json\/wp\/v2\/users\/2"}],"replies":[{"embeddable":true,"href":"https:\/\/alcierrenoticias.com\/index.php\/wp-json\/wp\/v2\/comments?post=22233"}],"version-history":[{"count":2,"href":"https:\/\/alcierrenoticias.com\/index.php\/wp-json\/wp\/v2\/posts\/22233\/revisions"}],"predecessor-version":[{"id":22236,"href":"https:\/\/alcierrenoticias.com\/index.php\/wp-json\/wp\/v2\/posts\/22233\/revisions\/22236"}],"wp:featuredmedia":[{"embeddable":true,"href":"https:\/\/alcierrenoticias.com\/index.php\/wp-json\/wp\/v2\/media\/22234"}],"wp:attachment":[{"href":"https:\/\/alcierrenoticias.com\/index.php\/wp-json\/wp\/v2\/media?parent=22233"}],"wp:term":[{"taxonomy":"category","embeddable":true,"href":"https:\/\/alcierrenoticias.com\/index.php\/wp-json\/wp\/v2\/categories?post=22233"},{"taxonomy":"post_tag","embeddable":true,"href":"https:\/\/alcierrenoticias.com\/index.php\/wp-json\/wp\/v2\/tags?post=22233"}],"curies":[{"name":"wp","href":"https:\/\/api.w.org\/{rel}","templated":true}]}}