{"id":22222,"date":"2026-04-30T18:15:39","date_gmt":"2026-05-01T00:15:39","guid":{"rendered":"https:\/\/alcierrenoticias.com\/?p=22222"},"modified":"2026-05-01T16:19:54","modified_gmt":"2026-05-01T22:19:54","slug":"seguiremos-haciendo-acciones-que-vean-por-el-presente-y-el-futuro-de-las-ninas-y-ninos-de-camargo-jorge-aldana","status":"publish","type":"post","link":"https:\/\/alcierrenoticias.com\/index.php\/2026\/04\/30\/seguiremos-haciendo-acciones-que-vean-por-el-presente-y-el-futuro-de-las-ninas-y-ninos-de-camargo-jorge-aldana\/","title":{"rendered":"Seguiremos haciendo acciones que vean por el presente y el futuro de las ni\u00f1as y ni\u00f1os de Camargo: Jorge Aldana."},"content":{"rendered":"<p>En el marco del D\u00eda de la Ni\u00f1ez, el presidente municipal de Camargo, Jorge Aldana, envi\u00f3 una felicitaci\u00f3n a todas las ni\u00f1as y ni\u00f1os del municipio, reconociendo su importancia como el presente y futuro de la comunidad.<\/p>\n<p>El alcalde destac\u00f3 que, durante este a\u00f1o, se ha logrado llegar a la mayor\u00eda de las ni\u00f1as y ni\u00f1os de cada rinc\u00f3n del municipio a trav\u00e9s de diversas actividades y programas, como el Mega Festival de la Ni\u00f1ez, el evento \u201cFuncionario por un D\u00eda\u201d, as\u00ed como recorridos por todas las comunidades rurales, donde se han entregado dulces, juguetes y se han realizado convivencias con pi\u00f1atas.<\/p>\n<p>Jorge Aldana subray\u00f3 que su administraci\u00f3n ha impulsado proyectos y obras enfocados en garantizar igualdad de oportunidades para la ni\u00f1ez camarguense, mediante la creaci\u00f3n y rehabilitaci\u00f3n de espacios deportivos de calidad, apoyos en instituciones educativas y la realizaci\u00f3n de eventos que fortalecen la integraci\u00f3n familiar.<\/p>\n<p>\u201cTrabajamos todos los d\u00edas para que nuestras ni\u00f1as y ni\u00f1os tengan las mismas oportunidades de desarrollo, sin importar en qu\u00e9 parte del municipio vivan. Queremos que crezcan en entornos sanos, con acceso a espacios dignos y con el respaldo de un gobierno cercano\u201d, expres\u00f3 el presidente municipal.<\/p>\n<p>Finalmente, reiter\u00f3 el compromiso de su gobierno de continuar implementando acciones que promuevan el bienestar, la inclusi\u00f3n y el desarrollo integral de la ni\u00f1ez en Camargo.<\/p>\n","protected":false},"excerpt":{"rendered":"<p>En el marco del D\u00eda de la Ni\u00f1ez, el presidente municipal de Camargo, Jorge Aldana, envi\u00f3 una felicitaci\u00f3n a todas las ni\u00f1as y ni\u00f1os del municipio, reconociendo su importancia como el presente y futuro de la comunidad. El alcalde destac\u00f3 que, durante este a\u00f1o, se ha logrado llegar a la mayor\u00eda de las ni\u00f1as y ni\u00f1os de cada rinc\u00f3n del municipio a trav\u00e9s de diversas actividades y programas, como el Mega Festival de la Ni\u00f1ez, el evento \u201cFuncionario por un D\u00eda\u201d, as\u00ed como recorridos por todas las comunidades rurales, donde se han entregado dulces, juguetes y se han realizado convivencias con pi\u00f1atas. Jorge Aldana subray\u00f3 que su administraci\u00f3n ha impulsado proyectos y obras enfocados en garantizar igualdad de oportunidades para la ni\u00f1ez camarguense, mediante la creaci\u00f3n y rehabilitaci\u00f3n de espacios deportivos de calidad, apoyos en instituciones educativas y la realizaci\u00f3n de eventos que fortalecen la integraci\u00f3n familiar. \u201cTrabajamos todos los d\u00edas para que nuestras ni\u00f1as y ni\u00f1os tengan las mismas oportunidades de desarrollo, sin importar en qu\u00e9 parte del municipio vivan. Queremos que crezcan en entornos sanos, con acceso a espacios dignos y con el respaldo de un gobierno cercano\u201d, expres\u00f3 el presidente municipal. Finalmente, reiter\u00f3 el compromiso de su gobierno de continuar implementando acciones que promuevan el bienestar, la inclusi\u00f3n y el desarrollo integral de la ni\u00f1ez en Camargo.<\/p>\n","protected":false},"author":2,"featured_media":22223,"comment_status":"open","ping_status":"open","sticky":false,"template":"","format":"standard","meta":{"_monsterinsights_skip_tracking":false,"_monsterinsights_sitenote_active":false,"_monsterinsights_sitenote_note":"","_monsterinsights_sitenote_category":0,"advanced_seo_description":"","jetpack_seo_html_title":"","jetpack_seo_noindex":false,"_jetpack_memberships_contains_paid_content":false,"footnotes":"","jetpack_publicize_message":"","jetpack_publicize_feature_enabled":true,"jetpack_social_post_already_shared":true,"jetpack_social_options":{"image_generator_settings":{"template":"highway","enabled":false},"version":2}},"categories":[8,11],"tags":[],"class_list":["post-22222","post","type-post","status-publish","format-standard","has-post-thumbnail","hentry","category-estado","category-principal"],"jetpack_publicize_connections":[],"jetpack_sharing_enabled":true,"jetpack_featured_media_url":"https:\/\/i0.wp.com\/alcierrenoticias.com\/wp-content\/uploads\/2026\/05\/WhatsApp-Image-2026-04-30-at-5.44.51-PM.jpeg?fit=960%2C640&ssl=1","amp_enabled":true,"_links":{"self":[{"href":"https:\/\/alcierrenoticias.com\/index.php\/wp-json\/wp\/v2\/posts\/22222","targetHints":{"allow":["GET"]}}],"collection":[{"href":"https:\/\/alcierrenoticias.com\/index.php\/wp-json\/wp\/v2\/posts"}],"about":[{"href":"https:\/\/alcierrenoticias.com\/index.php\/wp-json\/wp\/v2\/types\/post"}],"author":[{"embeddable":true,"href":"https:\/\/alcierrenoticias.com\/index.php\/wp-json\/wp\/v2\/users\/2"}],"replies":[{"embeddable":true,"href":"https:\/\/alcierrenoticias.com\/index.php\/wp-json\/wp\/v2\/comments?post=22222"}],"version-history":[{"count":2,"href":"https:\/\/alcierrenoticias.com\/index.php\/wp-json\/wp\/v2\/posts\/22222\/revisions"}],"predecessor-version":[{"id":22225,"href":"https:\/\/alcierrenoticias.com\/index.php\/wp-json\/wp\/v2\/posts\/22222\/revisions\/22225"}],"wp:featuredmedia":[{"embeddable":true,"href":"https:\/\/alcierrenoticias.com\/index.php\/wp-json\/wp\/v2\/media\/22223"}],"wp:attachment":[{"href":"https:\/\/alcierrenoticias.com\/index.php\/wp-json\/wp\/v2\/media?parent=22222"}],"wp:term":[{"taxonomy":"category","embeddable":true,"href":"https:\/\/alcierrenoticias.com\/index.php\/wp-json\/wp\/v2\/categories?post=22222"},{"taxonomy":"post_tag","embeddable":true,"href":"https:\/\/alcierrenoticias.com\/index.php\/wp-json\/wp\/v2\/tags?post=22222"}],"curies":[{"name":"wp","href":"https:\/\/api.w.org\/{rel}","templated":true}]}}