{"id":22181,"date":"2026-04-30T11:29:17","date_gmt":"2026-04-30T17:29:17","guid":{"rendered":"https:\/\/alcierrenoticias.com\/?p=22181"},"modified":"2026-04-30T11:29:17","modified_gmt":"2026-04-30T17:29:17","slug":"no-habra-recoleccion-de-basura-este-viernes-1-de-mayo-en-delicias","status":"publish","type":"post","link":"https:\/\/alcierrenoticias.com\/index.php\/2026\/04\/30\/no-habra-recoleccion-de-basura-este-viernes-1-de-mayo-en-delicias\/","title":{"rendered":"No habr\u00e1 recolecci\u00f3n de basura este viernes 1 de mayo en Delicias"},"content":{"rendered":"<p>&nbsp;<\/p>\n<p>El Gobierno Municipal de Delicias inform\u00f3 que este viernes 1 de mayo no habr\u00e1 servicio de recolecci\u00f3n de basura, debido a la conmemoraci\u00f3n del D\u00eda del Trabajo, fecha en la que se reconoce la labor de los trabajadores.<\/p>\n<p><img data-recalc-dims=\"1\" fetchpriority=\"high\" decoding=\"async\" class=\"alignnone size-medium wp-image-22182\" src=\"https:\/\/i0.wp.com\/alcierrenoticias.com\/wp-content\/uploads\/2026\/04\/9a4ae0aa-a8b2-404c-9087-cf5a0fbd0ad1.jpeg?resize=300%2C200&#038;ssl=1\" alt=\"\" width=\"300\" height=\"200\" srcset=\"https:\/\/i0.wp.com\/alcierrenoticias.com\/wp-content\/uploads\/2026\/04\/9a4ae0aa-a8b2-404c-9087-cf5a0fbd0ad1.jpeg?resize=300%2C200&amp;ssl=1 300w, https:\/\/i0.wp.com\/alcierrenoticias.com\/wp-content\/uploads\/2026\/04\/9a4ae0aa-a8b2-404c-9087-cf5a0fbd0ad1.jpeg?resize=1024%2C682&amp;ssl=1 1024w, https:\/\/i0.wp.com\/alcierrenoticias.com\/wp-content\/uploads\/2026\/04\/9a4ae0aa-a8b2-404c-9087-cf5a0fbd0ad1.jpeg?resize=768%2C512&amp;ssl=1 768w, https:\/\/i0.wp.com\/alcierrenoticias.com\/wp-content\/uploads\/2026\/04\/9a4ae0aa-a8b2-404c-9087-cf5a0fbd0ad1.jpeg?w=1220&amp;ssl=1 1220w\" sizes=\"(max-width: 300px) 100vw, 300px\" \/><\/p>\n<p>Las autoridades municipales solicitaron a la ciudadan\u00eda tomar las debidas precauciones, evitando sacar sus residuos en esta fecha para mantener el orden y la limpieza en las calles, as\u00ed como prevenir la acumulaci\u00f3n de basura en los hogares y espacios p\u00fablicos.<\/p>\n<p>Asimismo, se indic\u00f3 que el servicio de recolecci\u00f3n se reanudar\u00e1 de manera normal en los d\u00edas posteriores, por lo que se invita a la poblaci\u00f3n a estar atenta a los horarios habituales y colaborar con estas medidas en beneficio de la comunidad.<\/p>\n","protected":false},"excerpt":{"rendered":"<p>&nbsp; El Gobierno Municipal de Delicias inform\u00f3 que este viernes 1 de mayo no habr\u00e1 servicio de recolecci\u00f3n de basura, debido a la conmemoraci\u00f3n del D\u00eda del Trabajo, fecha en la que se reconoce la labor de los trabajadores. Las autoridades municipales solicitaron a la ciudadan\u00eda tomar las debidas precauciones, evitando sacar sus residuos en esta fecha para mantener el orden y la limpieza en las calles, as\u00ed como prevenir la acumulaci\u00f3n de basura en los hogares y espacios p\u00fablicos. Asimismo, se indic\u00f3 que el servicio de recolecci\u00f3n se reanudar\u00e1 de manera normal en los d\u00edas posteriores, por lo que se invita a la poblaci\u00f3n a estar atenta a los horarios habituales y colaborar con estas medidas en beneficio de la comunidad.<\/p>\n","protected":false},"author":2,"featured_media":22183,"comment_status":"open","ping_status":"open","sticky":false,"template":"","format":"standard","meta":{"_monsterinsights_skip_tracking":false,"_monsterinsights_sitenote_active":false,"_monsterinsights_sitenote_note":"","_monsterinsights_sitenote_category":0,"advanced_seo_description":"","jetpack_seo_html_title":"","jetpack_seo_noindex":false,"_jetpack_memberships_contains_paid_content":false,"footnotes":"","jetpack_publicize_message":"","jetpack_publicize_feature_enabled":true,"jetpack_social_post_already_shared":true,"jetpack_social_options":{"image_generator_settings":{"template":"highway","enabled":false},"version":2}},"categories":[135,7,11],"tags":[],"class_list":["post-22181","post","type-post","status-publish","format-standard","has-post-thumbnail","hentry","category-lo-mas-leido","category-local","category-principal"],"jetpack_publicize_connections":[],"jetpack_sharing_enabled":true,"jetpack_featured_media_url":"https:\/\/i0.wp.com\/alcierrenoticias.com\/wp-content\/uploads\/2026\/04\/db6029f1-62ba-4d4b-9ab2-86e3e340a2bf.jpeg?fit=1600%2C1066&ssl=1","amp_enabled":true,"_links":{"self":[{"href":"https:\/\/alcierrenoticias.com\/index.php\/wp-json\/wp\/v2\/posts\/22181","targetHints":{"allow":["GET"]}}],"collection":[{"href":"https:\/\/alcierrenoticias.com\/index.php\/wp-json\/wp\/v2\/posts"}],"about":[{"href":"https:\/\/alcierrenoticias.com\/index.php\/wp-json\/wp\/v2\/types\/post"}],"author":[{"embeddable":true,"href":"https:\/\/alcierrenoticias.com\/index.php\/wp-json\/wp\/v2\/users\/2"}],"replies":[{"embeddable":true,"href":"https:\/\/alcierrenoticias.com\/index.php\/wp-json\/wp\/v2\/comments?post=22181"}],"version-history":[{"count":1,"href":"https:\/\/alcierrenoticias.com\/index.php\/wp-json\/wp\/v2\/posts\/22181\/revisions"}],"predecessor-version":[{"id":22184,"href":"https:\/\/alcierrenoticias.com\/index.php\/wp-json\/wp\/v2\/posts\/22181\/revisions\/22184"}],"wp:featuredmedia":[{"embeddable":true,"href":"https:\/\/alcierrenoticias.com\/index.php\/wp-json\/wp\/v2\/media\/22183"}],"wp:attachment":[{"href":"https:\/\/alcierrenoticias.com\/index.php\/wp-json\/wp\/v2\/media?parent=22181"}],"wp:term":[{"taxonomy":"category","embeddable":true,"href":"https:\/\/alcierrenoticias.com\/index.php\/wp-json\/wp\/v2\/categories?post=22181"},{"taxonomy":"post_tag","embeddable":true,"href":"https:\/\/alcierrenoticias.com\/index.php\/wp-json\/wp\/v2\/tags?post=22181"}],"curies":[{"name":"wp","href":"https:\/\/api.w.org\/{rel}","templated":true}]}}