{"id":22172,"date":"2026-04-29T21:18:38","date_gmt":"2026-04-30T03:18:38","guid":{"rendered":"https:\/\/alcierrenoticias.com\/?p=22172"},"modified":"2026-04-30T02:30:56","modified_gmt":"2026-04-30T08:30:56","slug":"gobierno-municipal-de-camargo-y-secretaria-de-desarrollo-rural-invitan-a-conocer-convocatorias-del-programa-cuenta-conmigo-en-el-campo","status":"publish","type":"post","link":"https:\/\/alcierrenoticias.com\/index.php\/2026\/04\/29\/gobierno-municipal-de-camargo-y-secretaria-de-desarrollo-rural-invitan-a-conocer-convocatorias-del-programa-cuenta-conmigo-en-el-campo\/","title":{"rendered":"Gobierno Municipal de Camargo y Secretar\u00eda de Desarrollo Rural invitan a conocer convocatorias del programa \u201cCuenta Conmigo en el Campo\u201d."},"content":{"rendered":"<p>El Gobierno Municipal de Camargo, en coordinaci\u00f3n con la Secretar\u00eda de Desarrollo Rural del Gobierno del Estado, invita a productores, ganaderos y agricultores del municipio a conocer las convocatorias del programa \u201cCuenta Conmigo en el Campo\u201d, una estrategia enfocada en fortalecer el desarrollo del sector rural.<\/p>\n<p>La presentaci\u00f3n se llevar\u00e1 a cabo este jueves 30 de abril a las 11:00 de la ma\u00f1ana en las instalaciones de la Biblioteca G\u00f3mez Mor\u00edn, donde personal de la Secretar\u00eda de Desarrollo Rural estar\u00e1 brindando informaci\u00f3n detallada sobre los apoyos disponibles, requisitos y procesos de inscripci\u00f3n.<\/p>\n<p>Este programa, impulsado por la Secretar\u00eda de Desarrollo Rural en conjunto con el Gobierno Municipal, busca brindar herramientas, recursos y acompa\u00f1amiento a quienes d\u00eda a d\u00eda trabajan la tierra, impulsando la productividad y mejorando las condiciones del campo camarguense.<\/p>\n<p>El Gobierno Municipal de Camargo y la Secretar\u00eda de Desarrollo Rural reiteran la invitaci\u00f3n a todas y todos los interesados para que se acerquen, se informen y aprovechen estas oportunidades que contribuyen al desarrollo econ\u00f3mico y social del municipio.<\/p>\n","protected":false},"excerpt":{"rendered":"<p>El Gobierno Municipal de Camargo, en coordinaci\u00f3n con la Secretar\u00eda de Desarrollo Rural del Gobierno del Estado, invita a productores, ganaderos y agricultores del municipio a conocer las convocatorias del programa \u201cCuenta Conmigo en el Campo\u201d, una estrategia enfocada en fortalecer el desarrollo del sector rural. La presentaci\u00f3n se llevar\u00e1 a cabo este jueves 30 de abril a las 11:00 de la ma\u00f1ana en las instalaciones de la Biblioteca G\u00f3mez Mor\u00edn, donde personal de la Secretar\u00eda de Desarrollo Rural estar\u00e1 brindando informaci\u00f3n detallada sobre los apoyos disponibles, requisitos y procesos de inscripci\u00f3n. Este programa, impulsado por la Secretar\u00eda de Desarrollo Rural en conjunto con el Gobierno Municipal, busca brindar herramientas, recursos y acompa\u00f1amiento a quienes d\u00eda a d\u00eda trabajan la tierra, impulsando la productividad y mejorando las condiciones del campo camarguense. El Gobierno Municipal de Camargo y la Secretar\u00eda de Desarrollo Rural reiteran la invitaci\u00f3n a todas y todos los interesados para que se acerquen, se informen y aprovechen estas oportunidades que contribuyen al desarrollo econ\u00f3mico y social del municipio.<\/p>\n","protected":false},"author":2,"featured_media":22173,"comment_status":"open","ping_status":"open","sticky":false,"template":"","format":"standard","meta":{"_monsterinsights_skip_tracking":false,"_monsterinsights_sitenote_active":false,"_monsterinsights_sitenote_note":"","_monsterinsights_sitenote_category":0,"advanced_seo_description":"","jetpack_seo_html_title":"","jetpack_seo_noindex":false,"_jetpack_memberships_contains_paid_content":false,"footnotes":"","jetpack_publicize_message":"","jetpack_publicize_feature_enabled":true,"jetpack_social_post_already_shared":true,"jetpack_social_options":{"image_generator_settings":{"template":"highway","enabled":false},"version":2}},"categories":[8,11],"tags":[],"class_list":["post-22172","post","type-post","status-publish","format-standard","has-post-thumbnail","hentry","category-estado","category-principal"],"jetpack_publicize_connections":[],"jetpack_sharing_enabled":true,"jetpack_featured_media_url":"https:\/\/i0.wp.com\/alcierrenoticias.com\/wp-content\/uploads\/2026\/04\/WhatsApp-Image-2026-04-29-at-9.16.18-PM.jpeg?fit=1600%2C1066&ssl=1","amp_enabled":true,"_links":{"self":[{"href":"https:\/\/alcierrenoticias.com\/index.php\/wp-json\/wp\/v2\/posts\/22172","targetHints":{"allow":["GET"]}}],"collection":[{"href":"https:\/\/alcierrenoticias.com\/index.php\/wp-json\/wp\/v2\/posts"}],"about":[{"href":"https:\/\/alcierrenoticias.com\/index.php\/wp-json\/wp\/v2\/types\/post"}],"author":[{"embeddable":true,"href":"https:\/\/alcierrenoticias.com\/index.php\/wp-json\/wp\/v2\/users\/2"}],"replies":[{"embeddable":true,"href":"https:\/\/alcierrenoticias.com\/index.php\/wp-json\/wp\/v2\/comments?post=22172"}],"version-history":[{"count":2,"href":"https:\/\/alcierrenoticias.com\/index.php\/wp-json\/wp\/v2\/posts\/22172\/revisions"}],"predecessor-version":[{"id":22175,"href":"https:\/\/alcierrenoticias.com\/index.php\/wp-json\/wp\/v2\/posts\/22172\/revisions\/22175"}],"wp:featuredmedia":[{"embeddable":true,"href":"https:\/\/alcierrenoticias.com\/index.php\/wp-json\/wp\/v2\/media\/22173"}],"wp:attachment":[{"href":"https:\/\/alcierrenoticias.com\/index.php\/wp-json\/wp\/v2\/media?parent=22172"}],"wp:term":[{"taxonomy":"category","embeddable":true,"href":"https:\/\/alcierrenoticias.com\/index.php\/wp-json\/wp\/v2\/categories?post=22172"},{"taxonomy":"post_tag","embeddable":true,"href":"https:\/\/alcierrenoticias.com\/index.php\/wp-json\/wp\/v2\/tags?post=22172"}],"curies":[{"name":"wp","href":"https:\/\/api.w.org\/{rel}","templated":true}]}}