{"id":22156,"date":"2026-04-29T15:30:33","date_gmt":"2026-04-29T21:30:33","guid":{"rendered":"https:\/\/alcierrenoticias.com\/?p=22156"},"modified":"2026-04-30T02:20:12","modified_gmt":"2026-04-30T08:20:12","slug":"encabeza-valenciano-conmemoracion-del-dia-del-nino-con-nino-presidente-por-un-dia-zamir-alvarado-participo-como-alcalde","status":"publish","type":"post","link":"https:\/\/alcierrenoticias.com\/index.php\/2026\/04\/29\/encabeza-valenciano-conmemoracion-del-dia-del-nino-con-nino-presidente-por-un-dia-zamir-alvarado-participo-como-alcalde\/","title":{"rendered":"Encabeza Valenciano conmemoraci\u00f3n del D\u00eda del Ni\u00f1o con \u201cNi\u00f1o Presidente por un D\u00eda\u201d; Zamir Alvarado particip\u00f3 como Alcalde."},"content":{"rendered":"<p>En el marco del D\u00eda del Ni\u00f1o, el Gobierno Municipal de Delicias llev\u00f3 a cabo el evento \u201cNi\u00f1o Presidente y Ni\u00f1o Funcionario por un D\u00eda\u201d, donde Zamir Alejandro Alvarado Salgado fue electo como presidente municipal por un d\u00eda, y Adriana Carrillo Levario presidenta del Dif, quienes vivieron junto a otros menores una experiencia formativa y emotiva.<\/p>\n<p>Durante la jornada, las ni\u00f1as y ni\u00f1os conocieron de cerca el funcionamiento de las diferentes \u00e1reas de la administraci\u00f3n municipal, participando en recorridos y actividades que les permitieron comprender el trabajo que realizan los servidores p\u00fablicos en beneficio de la comunidad.<\/p>\n<p>Como parte del programa, presenciaron una explicaci\u00f3n del funcionamiento del, c7, as\u00ed como demostraciones de los agentes del grupo K9 y del Heroico Cuerpo de Bomberos, quienes mostraron sus habilidades y la forma en que atienden emergencias, generando gran inter\u00e9s y entusiasmo entre los participantes.<\/p>\n<p>El presidente municipal, Jes\u00fas Valenciano Garc\u00eda, felicit\u00f3 a todos los ni\u00f1os y los exhort\u00f3 a seguir sus sue\u00f1os. \u201cLo que sue\u00f1en, lo que crean, lo pueden lograr\u201d, expres\u00f3, al destacar que las ni\u00f1as y ni\u00f1os son lo m\u00e1s importante para la ciudad, por lo que cada acci\u00f3n del gobierno debe tener como eje central a la familia.<\/p>\n<p>Por su parte, Zamir comparti\u00f3 su experiencia se\u00f1alando que disfrut\u00f3 cada momento del recorrido, desde las visitas a las \u00e1reas de seguridad y emergencia hasta su paso por el DIF Municipal. \u201cMe sent\u00ed muy feliz, se siente muy bonito\u201d, coment\u00f3 el estudiante de la primaria Miguel Hidalgo, quien adem\u00e1s invit\u00f3 a otros ni\u00f1os a participar sin miedo y a disfrutar este tipo de actividades, reiterando su sue\u00f1o de convertirse en cirujano.<\/p>\n","protected":false},"excerpt":{"rendered":"<p>En el marco del D\u00eda del Ni\u00f1o, el Gobierno Municipal de Delicias llev\u00f3 a cabo el evento \u201cNi\u00f1o Presidente y Ni\u00f1o Funcionario por un D\u00eda\u201d, donde Zamir Alejandro Alvarado Salgado fue electo como presidente municipal por un d\u00eda, y Adriana Carrillo Levario presidenta del Dif, quienes vivieron junto a otros menores una experiencia formativa y emotiva. Durante la jornada, las ni\u00f1as y ni\u00f1os conocieron de cerca el funcionamiento de las diferentes \u00e1reas de la administraci\u00f3n municipal, participando en recorridos y actividades que les permitieron comprender el trabajo que realizan los servidores p\u00fablicos en beneficio de la comunidad. Como parte del programa, presenciaron una explicaci\u00f3n del funcionamiento del, c7, as\u00ed como demostraciones de los agentes del grupo K9 y del Heroico Cuerpo de Bomberos, quienes mostraron sus habilidades y la forma en que atienden emergencias, generando gran inter\u00e9s y entusiasmo entre los participantes. El presidente municipal, Jes\u00fas Valenciano Garc\u00eda, felicit\u00f3 a todos los ni\u00f1os y los exhort\u00f3 a seguir sus sue\u00f1os. \u201cLo que sue\u00f1en, lo que crean, lo pueden lograr\u201d, expres\u00f3, al destacar que las ni\u00f1as y ni\u00f1os son lo m\u00e1s importante para la ciudad, por lo que cada acci\u00f3n del gobierno debe tener como eje central a la familia. Por su parte, Zamir comparti\u00f3 su experiencia se\u00f1alando que disfrut\u00f3 cada momento del recorrido, desde las visitas a las \u00e1reas de seguridad y emergencia hasta su paso por el DIF Municipal. \u201cMe sent\u00ed muy feliz, se siente muy bonito\u201d, coment\u00f3 el estudiante de la primaria Miguel Hidalgo, quien adem\u00e1s invit\u00f3 a otros ni\u00f1os a participar sin miedo y a disfrutar este tipo de actividades, reiterando su sue\u00f1o de convertirse en cirujano.<\/p>\n","protected":false},"author":2,"featured_media":22157,"comment_status":"open","ping_status":"open","sticky":false,"template":"","format":"standard","meta":{"_monsterinsights_skip_tracking":false,"_monsterinsights_sitenote_active":false,"_monsterinsights_sitenote_note":"","_monsterinsights_sitenote_category":0,"advanced_seo_description":"","jetpack_seo_html_title":"","jetpack_seo_noindex":false,"_jetpack_memberships_contains_paid_content":false,"footnotes":"","jetpack_publicize_message":"","jetpack_publicize_feature_enabled":true,"jetpack_social_post_already_shared":true,"jetpack_social_options":{"image_generator_settings":{"template":"highway","enabled":false},"version":2}},"categories":[135,7],"tags":[],"class_list":["post-22156","post","type-post","status-publish","format-standard","has-post-thumbnail","hentry","category-lo-mas-leido","category-local"],"jetpack_publicize_connections":[],"jetpack_sharing_enabled":true,"jetpack_featured_media_url":"https:\/\/i0.wp.com\/alcierrenoticias.com\/wp-content\/uploads\/2026\/04\/WhatsApp-Image-2026-04-29-at-3.22.36-PM.jpeg?fit=1280%2C960&ssl=1","amp_enabled":true,"_links":{"self":[{"href":"https:\/\/alcierrenoticias.com\/index.php\/wp-json\/wp\/v2\/posts\/22156","targetHints":{"allow":["GET"]}}],"collection":[{"href":"https:\/\/alcierrenoticias.com\/index.php\/wp-json\/wp\/v2\/posts"}],"about":[{"href":"https:\/\/alcierrenoticias.com\/index.php\/wp-json\/wp\/v2\/types\/post"}],"author":[{"embeddable":true,"href":"https:\/\/alcierrenoticias.com\/index.php\/wp-json\/wp\/v2\/users\/2"}],"replies":[{"embeddable":true,"href":"https:\/\/alcierrenoticias.com\/index.php\/wp-json\/wp\/v2\/comments?post=22156"}],"version-history":[{"count":2,"href":"https:\/\/alcierrenoticias.com\/index.php\/wp-json\/wp\/v2\/posts\/22156\/revisions"}],"predecessor-version":[{"id":22159,"href":"https:\/\/alcierrenoticias.com\/index.php\/wp-json\/wp\/v2\/posts\/22156\/revisions\/22159"}],"wp:featuredmedia":[{"embeddable":true,"href":"https:\/\/alcierrenoticias.com\/index.php\/wp-json\/wp\/v2\/media\/22157"}],"wp:attachment":[{"href":"https:\/\/alcierrenoticias.com\/index.php\/wp-json\/wp\/v2\/media?parent=22156"}],"wp:term":[{"taxonomy":"category","embeddable":true,"href":"https:\/\/alcierrenoticias.com\/index.php\/wp-json\/wp\/v2\/categories?post=22156"},{"taxonomy":"post_tag","embeddable":true,"href":"https:\/\/alcierrenoticias.com\/index.php\/wp-json\/wp\/v2\/tags?post=22156"}],"curies":[{"name":"wp","href":"https:\/\/api.w.org\/{rel}","templated":true}]}}