{"id":22144,"date":"2026-04-28T19:20:22","date_gmt":"2026-04-29T01:20:22","guid":{"rendered":"https:\/\/alcierrenoticias.com\/?p=22144"},"modified":"2026-04-30T02:11:23","modified_gmt":"2026-04-30T08:11:23","slug":"gobierno-municipal-de-camargo-organiza-concurso-de-oratoria-y-selecciona-a-ninas-y-ninos-funcionarios-por-un-dia","status":"publish","type":"post","link":"https:\/\/alcierrenoticias.com\/index.php\/2026\/04\/28\/gobierno-municipal-de-camargo-organiza-concurso-de-oratoria-y-selecciona-a-ninas-y-ninos-funcionarios-por-un-dia\/","title":{"rendered":"Gobierno Municipal de Camargo organiza concurso de oratoria y selecciona a ni\u00f1as y ni\u00f1os funcionarios por un d\u00eda."},"content":{"rendered":"<p>En un ambiente de entusiasmo, participaci\u00f3n y orgullo, se llev\u00f3 a cabo el concurso de oratoria organizado por el Gobierno Municipal de Camargo para seleccionar a las ni\u00f1as y ni\u00f1os que formar\u00e1n parte del programa \u201cFuncionario por un D\u00eda\u201d, una iniciativa que busca fomentar la participaci\u00f3n c\u00edvica desde temprana edad.<\/p>\n<p>Durante el desarrollo del concurso, las y los participantes demostraron un alto nivel de preparaci\u00f3n, seguridad y capacidad de expresi\u00f3n, abordando diversos temas con claridad y convicci\u00f3n, lo que reflej\u00f3 no solo su talento, sino tambi\u00e9n su inter\u00e9s por los asuntos que impactan a su comunidad. Cada intervenci\u00f3n fue muestra del potencial que tiene la ni\u00f1ez camarguense para convertirse en l\u00edderes comprometidos con el bienestar de su entorno.<\/p>\n<p>Autoridades municipales destacaron la importancia de impulsar este tipo de actividades que fortalecen valores como la responsabilidad, el respeto, la participaci\u00f3n ciudadana y el amor por Camargo, reconociendo adem\u00e1s el respaldo fundamental de madres, padres de familia y docentes, quienes acompa\u00f1an e impulsan el desarrollo integral de las y los menores.<\/p>\n<p>Asimismo, se resalt\u00f3 que este ejercicio permite a las ni\u00f1as y ni\u00f1os conocer de cerca el funcionamiento del Gobierno Municipal, incentivando su inter\u00e9s por la vida p\u00fablica y generando una conexi\u00f3n directa con las acciones que se realizan en beneficio de la ciudadan\u00eda.<\/p>\n<p>Ser\u00e1 el d\u00eda de ma\u00f1ana cuando las y los ganadores se integren a las actividades diarias del Gobierno Municipal, donde tendr\u00e1n la oportunidad de desempe\u00f1ar simb\u00f3licamente funciones dentro de distintas \u00e1reas de la administraci\u00f3n, viviendo una experiencia formativa que sin duda marcar\u00e1 su visi\u00f3n sobre el servicio p\u00fablico.<\/p>\n<p>Con estas acciones, el Gobierno Municipal de Camargo reafirma su compromiso de seguir generando espacios que impulsen el talento, la participaci\u00f3n y el desarrollo de la ni\u00f1ez, reconociendo en ellas y ellos el presente y futuro de nuestro municipio.<\/p>\n","protected":false},"excerpt":{"rendered":"<p>En un ambiente de entusiasmo, participaci\u00f3n y orgullo, se llev\u00f3 a cabo el concurso de oratoria organizado por el Gobierno Municipal de Camargo para seleccionar a las ni\u00f1as y ni\u00f1os que formar\u00e1n parte del programa \u201cFuncionario por un D\u00eda\u201d, una iniciativa que busca fomentar la participaci\u00f3n c\u00edvica desde temprana edad. Durante el desarrollo del concurso, las y los participantes demostraron un alto nivel de preparaci\u00f3n, seguridad y capacidad de expresi\u00f3n, abordando diversos temas con claridad y convicci\u00f3n, lo que reflej\u00f3 no solo su talento, sino tambi\u00e9n su inter\u00e9s por los asuntos que impactan a su comunidad. Cada intervenci\u00f3n fue muestra del potencial que tiene la ni\u00f1ez camarguense para convertirse en l\u00edderes comprometidos con el bienestar de su entorno. Autoridades municipales destacaron la importancia de impulsar este tipo de actividades que fortalecen valores como la responsabilidad, el respeto, la participaci\u00f3n ciudadana y el amor por Camargo, reconociendo adem\u00e1s el respaldo fundamental de madres, padres de familia y docentes, quienes acompa\u00f1an e impulsan el desarrollo integral de las y los menores. Asimismo, se resalt\u00f3 que este ejercicio permite a las ni\u00f1as y ni\u00f1os conocer de cerca el funcionamiento del Gobierno Municipal, incentivando su inter\u00e9s por la vida p\u00fablica y generando una conexi\u00f3n directa con las acciones que se realizan en beneficio de la ciudadan\u00eda. Ser\u00e1 el d\u00eda de ma\u00f1ana cuando las y los ganadores se integren a las actividades diarias del Gobierno Municipal, donde tendr\u00e1n la oportunidad de desempe\u00f1ar simb\u00f3licamente funciones dentro de distintas \u00e1reas de la administraci\u00f3n, viviendo una experiencia formativa que sin duda marcar\u00e1 su visi\u00f3n sobre el servicio p\u00fablico. Con estas acciones, el Gobierno Municipal de Camargo reafirma su compromiso de seguir generando espacios que impulsen el talento, la participaci\u00f3n y el desarrollo de la ni\u00f1ez, reconociendo en ellas y ellos el presente y futuro de nuestro municipio.<\/p>\n","protected":false},"author":2,"featured_media":22145,"comment_status":"open","ping_status":"open","sticky":false,"template":"","format":"standard","meta":{"_monsterinsights_skip_tracking":false,"_monsterinsights_sitenote_active":false,"_monsterinsights_sitenote_note":"","_monsterinsights_sitenote_category":0,"advanced_seo_description":"","jetpack_seo_html_title":"","jetpack_seo_noindex":false,"_jetpack_memberships_contains_paid_content":false,"footnotes":"","jetpack_publicize_message":"","jetpack_publicize_feature_enabled":true,"jetpack_social_post_already_shared":true,"jetpack_social_options":{"image_generator_settings":{"template":"highway","enabled":false},"version":2}},"categories":[8],"tags":[],"class_list":["post-22144","post","type-post","status-publish","format-standard","has-post-thumbnail","hentry","category-estado"],"jetpack_publicize_connections":[],"jetpack_sharing_enabled":true,"jetpack_featured_media_url":"https:\/\/i0.wp.com\/alcierrenoticias.com\/wp-content\/uploads\/2026\/04\/WhatsApp-Image-2026-04-28-at-7.13.48-PM.jpeg?fit=1600%2C900&ssl=1","amp_enabled":true,"_links":{"self":[{"href":"https:\/\/alcierrenoticias.com\/index.php\/wp-json\/wp\/v2\/posts\/22144","targetHints":{"allow":["GET"]}}],"collection":[{"href":"https:\/\/alcierrenoticias.com\/index.php\/wp-json\/wp\/v2\/posts"}],"about":[{"href":"https:\/\/alcierrenoticias.com\/index.php\/wp-json\/wp\/v2\/types\/post"}],"author":[{"embeddable":true,"href":"https:\/\/alcierrenoticias.com\/index.php\/wp-json\/wp\/v2\/users\/2"}],"replies":[{"embeddable":true,"href":"https:\/\/alcierrenoticias.com\/index.php\/wp-json\/wp\/v2\/comments?post=22144"}],"version-history":[{"count":2,"href":"https:\/\/alcierrenoticias.com\/index.php\/wp-json\/wp\/v2\/posts\/22144\/revisions"}],"predecessor-version":[{"id":22147,"href":"https:\/\/alcierrenoticias.com\/index.php\/wp-json\/wp\/v2\/posts\/22144\/revisions\/22147"}],"wp:featuredmedia":[{"embeddable":true,"href":"https:\/\/alcierrenoticias.com\/index.php\/wp-json\/wp\/v2\/media\/22145"}],"wp:attachment":[{"href":"https:\/\/alcierrenoticias.com\/index.php\/wp-json\/wp\/v2\/media?parent=22144"}],"wp:term":[{"taxonomy":"category","embeddable":true,"href":"https:\/\/alcierrenoticias.com\/index.php\/wp-json\/wp\/v2\/categories?post=22144"},{"taxonomy":"post_tag","embeddable":true,"href":"https:\/\/alcierrenoticias.com\/index.php\/wp-json\/wp\/v2\/tags?post=22144"}],"curies":[{"name":"wp","href":"https:\/\/api.w.org\/{rel}","templated":true}]}}