{"id":22130,"date":"2026-04-28T15:20:44","date_gmt":"2026-04-28T21:20:44","guid":{"rendered":"https:\/\/alcierrenoticias.com\/?p=22130"},"modified":"2026-04-28T16:05:49","modified_gmt":"2026-04-28T22:05:49","slug":"abierta-en-meoqui-convocatoria-de-financiamiento-para-proyectos-productivos","status":"publish","type":"post","link":"https:\/\/alcierrenoticias.com\/index.php\/2026\/04\/28\/abierta-en-meoqui-convocatoria-de-financiamiento-para-proyectos-productivos\/","title":{"rendered":"Abierta en Meoqui convocatoria de financiamiento para proyectos productivos."},"content":{"rendered":"<p>Consta de apoyos de hasta 40 mil pesos para impulsar el emprendimiento y la econom\u00eda familiar gracias al apoyo de Gobierno del Estado.<\/p>\n<p>El Gobierno Municipal de Meoqui, a trav\u00e9s de la Direcci\u00f3n de Desarrollo Econ\u00f3mico y Turismo, inform\u00f3 que se encuentra abierta la convocatoria de financiamiento para proyectos productivos, dirigida a emprendedores del municipio, principalmente personas en situaci\u00f3n de vulnerabilidad, esto gracias al apoyo de Gobierno del Estado a trav\u00e9s de la Secretar\u00eda de Desarrollo Humano y Bien Com\u00fan.<\/p>\n<p>Alan Mata, director de Desarrollo Econ\u00f3mico y Turismo, explic\u00f3 que este programa contempla apoyos de hasta 40 mil pesos, con el objetivo de brindar herramientas que permitan fortalecer y hacer crecer los negocios locales: &#8220;Esta acci\u00f3n se realiza en coordinaci\u00f3n con la Secretar\u00eda de Desarrollo Humano y Bien Com\u00fan, derivado de las gestiones impulsadas por la alcaldesa Miriam Soto, como parte del compromiso de fortalecer la econom\u00eda familiar y el emprendimiento en el municipio&#8221;, se\u00f1al\u00f3.<\/p>\n<p>Asimismo, inform\u00f3 que las y los interesados pueden acudir a la oficina SARE, ubicada junto a Estacion\u00f3metros, en un horario de 8:00 de la ma\u00f1ana a 3:00 de la tarde, donde podr\u00e1n recibir informaci\u00f3n y requisitos para acceder al programa. Finalmente, destac\u00f3 que los apoyos estar\u00e1n disponibles hasta agotar el fondo asignado, por lo que invit\u00f3 a la ciudadan\u00eda a aprovechar esta oportunidad para impulsar sus proyectos productivos.<\/p>\n","protected":false},"excerpt":{"rendered":"<p>Consta de apoyos de hasta 40 mil pesos para impulsar el emprendimiento y la econom\u00eda familiar gracias al apoyo de Gobierno del Estado. El Gobierno Municipal de Meoqui, a trav\u00e9s de la Direcci\u00f3n de Desarrollo Econ\u00f3mico y Turismo, inform\u00f3 que se encuentra abierta la convocatoria de financiamiento para proyectos productivos, dirigida a emprendedores del municipio, principalmente personas en situaci\u00f3n de vulnerabilidad, esto gracias al apoyo de Gobierno del Estado a trav\u00e9s de la Secretar\u00eda de Desarrollo Humano y Bien Com\u00fan. Alan Mata, director de Desarrollo Econ\u00f3mico y Turismo, explic\u00f3 que este programa contempla apoyos de hasta 40 mil pesos, con el objetivo de brindar herramientas que permitan fortalecer y hacer crecer los negocios locales: &#8220;Esta acci\u00f3n se realiza en coordinaci\u00f3n con la Secretar\u00eda de Desarrollo Humano y Bien Com\u00fan, derivado de las gestiones impulsadas por la alcaldesa Miriam Soto, como parte del compromiso de fortalecer la econom\u00eda familiar y el emprendimiento en el municipio&#8221;, se\u00f1al\u00f3. Asimismo, inform\u00f3 que las y los interesados pueden acudir a la oficina SARE, ubicada junto a Estacion\u00f3metros, en un horario de 8:00 de la ma\u00f1ana a 3:00 de la tarde, donde podr\u00e1n recibir informaci\u00f3n y requisitos para acceder al programa. Finalmente, destac\u00f3 que los apoyos estar\u00e1n disponibles hasta agotar el fondo asignado, por lo que invit\u00f3 a la ciudadan\u00eda a aprovechar esta oportunidad para impulsar sus proyectos productivos.<\/p>\n","protected":false},"author":2,"featured_media":22131,"comment_status":"open","ping_status":"open","sticky":false,"template":"","format":"standard","meta":{"_monsterinsights_skip_tracking":false,"_monsterinsights_sitenote_active":false,"_monsterinsights_sitenote_note":"","_monsterinsights_sitenote_category":0,"advanced_seo_description":"","jetpack_seo_html_title":"","jetpack_seo_noindex":false,"_jetpack_memberships_contains_paid_content":false,"footnotes":"","jetpack_publicize_message":"","jetpack_publicize_feature_enabled":true,"jetpack_social_post_already_shared":true,"jetpack_social_options":{"image_generator_settings":{"template":"highway","enabled":false},"version":2}},"categories":[7],"tags":[],"class_list":["post-22130","post","type-post","status-publish","format-standard","has-post-thumbnail","hentry","category-local"],"jetpack_publicize_connections":[],"jetpack_sharing_enabled":true,"jetpack_featured_media_url":"https:\/\/i0.wp.com\/alcierrenoticias.com\/wp-content\/uploads\/2026\/04\/WhatsApp-Image-2026-04-28-at-3.08.34-PM-1.jpeg?fit=1280%2C853&ssl=1","amp_enabled":true,"_links":{"self":[{"href":"https:\/\/alcierrenoticias.com\/index.php\/wp-json\/wp\/v2\/posts\/22130","targetHints":{"allow":["GET"]}}],"collection":[{"href":"https:\/\/alcierrenoticias.com\/index.php\/wp-json\/wp\/v2\/posts"}],"about":[{"href":"https:\/\/alcierrenoticias.com\/index.php\/wp-json\/wp\/v2\/types\/post"}],"author":[{"embeddable":true,"href":"https:\/\/alcierrenoticias.com\/index.php\/wp-json\/wp\/v2\/users\/2"}],"replies":[{"embeddable":true,"href":"https:\/\/alcierrenoticias.com\/index.php\/wp-json\/wp\/v2\/comments?post=22130"}],"version-history":[{"count":2,"href":"https:\/\/alcierrenoticias.com\/index.php\/wp-json\/wp\/v2\/posts\/22130\/revisions"}],"predecessor-version":[{"id":22134,"href":"https:\/\/alcierrenoticias.com\/index.php\/wp-json\/wp\/v2\/posts\/22130\/revisions\/22134"}],"wp:featuredmedia":[{"embeddable":true,"href":"https:\/\/alcierrenoticias.com\/index.php\/wp-json\/wp\/v2\/media\/22131"}],"wp:attachment":[{"href":"https:\/\/alcierrenoticias.com\/index.php\/wp-json\/wp\/v2\/media?parent=22130"}],"wp:term":[{"taxonomy":"category","embeddable":true,"href":"https:\/\/alcierrenoticias.com\/index.php\/wp-json\/wp\/v2\/categories?post=22130"},{"taxonomy":"post_tag","embeddable":true,"href":"https:\/\/alcierrenoticias.com\/index.php\/wp-json\/wp\/v2\/tags?post=22130"}],"curies":[{"name":"wp","href":"https:\/\/api.w.org\/{rel}","templated":true}]}}