{"id":22122,"date":"2026-04-28T13:06:59","date_gmt":"2026-04-28T19:06:59","guid":{"rendered":"https:\/\/alcierrenoticias.com\/?p=22122"},"modified":"2026-04-28T15:49:46","modified_gmt":"2026-04-28T21:49:46","slug":"encabezo-valenciano-velada-musical-con-banda-de-la-xi-region-militar","status":"publish","type":"post","link":"https:\/\/alcierrenoticias.com\/index.php\/2026\/04\/28\/encabezo-valenciano-velada-musical-con-banda-de-la-xi-region-militar\/","title":{"rendered":"Encabez\u00f3 Valenciano velada musical con Banda de la XI Regi\u00f3n Militar."},"content":{"rendered":"<p>Con una destacada y c\u00e1lida participaci\u00f3n ciudadana, se llev\u00f3 a cabo la presentaci\u00f3n de la Banda de M\u00fasica de la XI Regi\u00f3n Militar como parte del Festival de la Fundaci\u00f3n, en la Plaza del Santuario. El evento reuni\u00f3 a familias enteras en un ambiente festivo, donde ni\u00f1os, j\u00f3venes y adultos disfrutaron de la m\u00fasica, bailaron y corearon algunas de las piezas interpretadas.<\/p>\n<p>El presidente Jes\u00fas Valenciano Garc\u00eda y su esposa Alma Limas encabezaron el evento, acompa\u00f1ados por representantes de distintas dependencias municipales y estatales. Durante su presencia, destacaron la importancia de impulsar actividades que fortalezcan la identidad y el tejido social de la comunidad, al tiempo que convivieron de cerca con los asistentes, quienes se mostraron entusiastas y participativos.<\/p>\n<p>La Banda de M\u00fasica de la XI Regi\u00f3n Militar ofreci\u00f3 un repertorio variado que incluy\u00f3 piezas tradicionales y contempor\u00e1neas, logrando cautivar al p\u00fablico asistente. Entre melod\u00eda y melod\u00eda, era com\u00fan ver a parejas bailando, grupos de amigos cantando y familias completas compartiendo momentos de alegr\u00eda, lo que convirti\u00f3 la velada en una experiencia llena de emoci\u00f3n y cercan\u00eda.<\/p>\n<p>El Festival de la Fundaci\u00f3n, en su 93 aniversario, contin\u00faa consolid\u00e1ndose como uno de los eventos culturales m\u00e1s importantes de la regi\u00f3n, promoviendo la convivencia familiar y el orgullo local. Las actividades programadas buscan integrar a la ciudadan\u00eda mediante expresiones art\u00edsticas, gastron\u00f3micas y recreativas, generando espacios donde la comunidad pueda reunirse, disfrutar y fortalecer sus lazos.<\/p>\n","protected":false},"excerpt":{"rendered":"<p>Con una destacada y c\u00e1lida participaci\u00f3n ciudadana, se llev\u00f3 a cabo la presentaci\u00f3n de la Banda de M\u00fasica de la XI Regi\u00f3n Militar como parte del Festival de la Fundaci\u00f3n, en la Plaza del Santuario. El evento reuni\u00f3 a familias enteras en un ambiente festivo, donde ni\u00f1os, j\u00f3venes y adultos disfrutaron de la m\u00fasica, bailaron y corearon algunas de las piezas interpretadas. El presidente Jes\u00fas Valenciano Garc\u00eda y su esposa Alma Limas encabezaron el evento, acompa\u00f1ados por representantes de distintas dependencias municipales y estatales. Durante su presencia, destacaron la importancia de impulsar actividades que fortalezcan la identidad y el tejido social de la comunidad, al tiempo que convivieron de cerca con los asistentes, quienes se mostraron entusiastas y participativos. La Banda de M\u00fasica de la XI Regi\u00f3n Militar ofreci\u00f3 un repertorio variado que incluy\u00f3 piezas tradicionales y contempor\u00e1neas, logrando cautivar al p\u00fablico asistente. Entre melod\u00eda y melod\u00eda, era com\u00fan ver a parejas bailando, grupos de amigos cantando y familias completas compartiendo momentos de alegr\u00eda, lo que convirti\u00f3 la velada en una experiencia llena de emoci\u00f3n y cercan\u00eda. El Festival de la Fundaci\u00f3n, en su 93 aniversario, contin\u00faa consolid\u00e1ndose como uno de los eventos culturales m\u00e1s importantes de la regi\u00f3n, promoviendo la convivencia familiar y el orgullo local. Las actividades programadas buscan integrar a la ciudadan\u00eda mediante expresiones art\u00edsticas, gastron\u00f3micas y recreativas, generando espacios donde la comunidad pueda reunirse, disfrutar y fortalecer sus lazos.<\/p>\n","protected":false},"author":2,"featured_media":22123,"comment_status":"open","ping_status":"open","sticky":false,"template":"","format":"standard","meta":{"_monsterinsights_skip_tracking":false,"_monsterinsights_sitenote_active":false,"_monsterinsights_sitenote_note":"","_monsterinsights_sitenote_category":0,"advanced_seo_description":"","jetpack_seo_html_title":"","jetpack_seo_noindex":false,"_jetpack_memberships_contains_paid_content":false,"footnotes":"","jetpack_publicize_message":"","jetpack_publicize_feature_enabled":true,"jetpack_social_post_already_shared":true,"jetpack_social_options":{"image_generator_settings":{"template":"highway","enabled":false},"version":2}},"categories":[7,11],"tags":[],"class_list":["post-22122","post","type-post","status-publish","format-standard","has-post-thumbnail","hentry","category-local","category-principal"],"jetpack_publicize_connections":[],"jetpack_sharing_enabled":true,"jetpack_featured_media_url":"https:\/\/i0.wp.com\/alcierrenoticias.com\/wp-content\/uploads\/2026\/04\/WhatsApp-Image-2026-04-28-at-12.42.26-PM.jpeg?fit=1120%2C840&ssl=1","amp_enabled":true,"_links":{"self":[{"href":"https:\/\/alcierrenoticias.com\/index.php\/wp-json\/wp\/v2\/posts\/22122","targetHints":{"allow":["GET"]}}],"collection":[{"href":"https:\/\/alcierrenoticias.com\/index.php\/wp-json\/wp\/v2\/posts"}],"about":[{"href":"https:\/\/alcierrenoticias.com\/index.php\/wp-json\/wp\/v2\/types\/post"}],"author":[{"embeddable":true,"href":"https:\/\/alcierrenoticias.com\/index.php\/wp-json\/wp\/v2\/users\/2"}],"replies":[{"embeddable":true,"href":"https:\/\/alcierrenoticias.com\/index.php\/wp-json\/wp\/v2\/comments?post=22122"}],"version-history":[{"count":2,"href":"https:\/\/alcierrenoticias.com\/index.php\/wp-json\/wp\/v2\/posts\/22122\/revisions"}],"predecessor-version":[{"id":22125,"href":"https:\/\/alcierrenoticias.com\/index.php\/wp-json\/wp\/v2\/posts\/22122\/revisions\/22125"}],"wp:featuredmedia":[{"embeddable":true,"href":"https:\/\/alcierrenoticias.com\/index.php\/wp-json\/wp\/v2\/media\/22123"}],"wp:attachment":[{"href":"https:\/\/alcierrenoticias.com\/index.php\/wp-json\/wp\/v2\/media?parent=22122"}],"wp:term":[{"taxonomy":"category","embeddable":true,"href":"https:\/\/alcierrenoticias.com\/index.php\/wp-json\/wp\/v2\/categories?post=22122"},{"taxonomy":"post_tag","embeddable":true,"href":"https:\/\/alcierrenoticias.com\/index.php\/wp-json\/wp\/v2\/tags?post=22122"}],"curies":[{"name":"wp","href":"https:\/\/api.w.org\/{rel}","templated":true}]}}