{"id":22118,"date":"2026-04-28T12:45:04","date_gmt":"2026-04-28T18:45:04","guid":{"rendered":"https:\/\/alcierrenoticias.com\/?p=22118"},"modified":"2026-04-28T15:46:46","modified_gmt":"2026-04-28T21:46:46","slug":"camargo-se-suma-a-la-red-mexicana-de-ciudades-amigas-de-la-ninez-jorge-aldana-integra-organo-directivo-nacional","status":"publish","type":"post","link":"https:\/\/alcierrenoticias.com\/index.php\/2026\/04\/28\/camargo-se-suma-a-la-red-mexicana-de-ciudades-amigas-de-la-ninez-jorge-aldana-integra-organo-directivo-nacional\/","title":{"rendered":"Camargo se suma a la Red Mexicana de Ciudades Amigas de la Ni\u00f1ez; Jorge Aldana integra \u00f3rgano directivo nacional."},"content":{"rendered":"<p>El presidente municipal Jorge Aldana formaliz\u00f3 la incorporaci\u00f3n de Camargo a la Red Mexicana de Ciudades Amigas de la Ni\u00f1ez (RMCAN), una alianza nacional que re\u00fane a municipios comprometidos con la protecci\u00f3n, promoci\u00f3n y restituci\u00f3n de los derechos de ni\u00f1as, ni\u00f1os y adolescentes.<\/p>\n<p>Durante el evento realizado en la ciudad de Meoqui, se dio a conocer que Camargo formar\u00e1 parte del \u00f3rgano directivo de la red, integrado por decenas de municipios del pa\u00eds y encabezado por el alcalde de Chihuahua, Marco Bonilla, lo que posiciona al municipio como un actor activo en la construcci\u00f3n de pol\u00edticas p\u00fablicas enfocadas en la ni\u00f1ez.<\/p>\n<p>La Red Mexicana de Ciudades Amigas de la Ni\u00f1ez es un esfuerzo colectivo que busca colocar los derechos de la infancia como un tema prioritario en las agendas municipales, impulsando acciones concretas que garanticen su bienestar, desarrollo integral y participaci\u00f3n.<\/p>\n<p>Con esta adhesi\u00f3n, el Gobierno Municipal de Camargo refrenda su compromiso de trabajar en coordinaci\u00f3n con otros municipios para fortalecer estrategias que beneficien a las ni\u00f1as, ni\u00f1os y adolescentes, promoviendo entornos m\u00e1s seguros, incluyentes y con mayores oportunidades.<\/p>\n<p>El presidente municipal Jorge Aldana destac\u00f3 la importancia de sumar esfuerzos a nivel nacional para seguir avanzando en la construcci\u00f3n de un mejor futuro para la ni\u00f1ez camarguense, asegurando que este paso permitir\u00e1 acceder a mejores pr\u00e1cticas, capacitaci\u00f3n y colaboraci\u00f3n entre municipios.<\/p>\n<p>Con acciones como esta, Camargo contin\u00faa consolid\u00e1ndose como un municipio comprometido con el bienestar de sus familias y, especialmente, con el desarrollo de su ni\u00f1ez.<\/p>\n","protected":false},"excerpt":{"rendered":"<p>El presidente municipal Jorge Aldana formaliz\u00f3 la incorporaci\u00f3n de Camargo a la Red Mexicana de Ciudades Amigas de la Ni\u00f1ez (RMCAN), una alianza nacional que re\u00fane a municipios comprometidos con la protecci\u00f3n, promoci\u00f3n y restituci\u00f3n de los derechos de ni\u00f1as, ni\u00f1os y adolescentes. Durante el evento realizado en la ciudad de Meoqui, se dio a conocer que Camargo formar\u00e1 parte del \u00f3rgano directivo de la red, integrado por decenas de municipios del pa\u00eds y encabezado por el alcalde de Chihuahua, Marco Bonilla, lo que posiciona al municipio como un actor activo en la construcci\u00f3n de pol\u00edticas p\u00fablicas enfocadas en la ni\u00f1ez. La Red Mexicana de Ciudades Amigas de la Ni\u00f1ez es un esfuerzo colectivo que busca colocar los derechos de la infancia como un tema prioritario en las agendas municipales, impulsando acciones concretas que garanticen su bienestar, desarrollo integral y participaci\u00f3n. Con esta adhesi\u00f3n, el Gobierno Municipal de Camargo refrenda su compromiso de trabajar en coordinaci\u00f3n con otros municipios para fortalecer estrategias que beneficien a las ni\u00f1as, ni\u00f1os y adolescentes, promoviendo entornos m\u00e1s seguros, incluyentes y con mayores oportunidades. El presidente municipal Jorge Aldana destac\u00f3 la importancia de sumar esfuerzos a nivel nacional para seguir avanzando en la construcci\u00f3n de un mejor futuro para la ni\u00f1ez camarguense, asegurando que este paso permitir\u00e1 acceder a mejores pr\u00e1cticas, capacitaci\u00f3n y colaboraci\u00f3n entre municipios. Con acciones como esta, Camargo contin\u00faa consolid\u00e1ndose como un municipio comprometido con el bienestar de sus familias y, especialmente, con el desarrollo de su ni\u00f1ez.<\/p>\n","protected":false},"author":2,"featured_media":22119,"comment_status":"open","ping_status":"open","sticky":false,"template":"","format":"standard","meta":{"_monsterinsights_skip_tracking":false,"_monsterinsights_sitenote_active":false,"_monsterinsights_sitenote_note":"","_monsterinsights_sitenote_category":0,"advanced_seo_description":"","jetpack_seo_html_title":"","jetpack_seo_noindex":false,"_jetpack_memberships_contains_paid_content":false,"footnotes":"","jetpack_publicize_message":"","jetpack_publicize_feature_enabled":true,"jetpack_social_post_already_shared":true,"jetpack_social_options":{"image_generator_settings":{"template":"highway","enabled":false},"version":2}},"categories":[8,11],"tags":[],"class_list":["post-22118","post","type-post","status-publish","format-standard","has-post-thumbnail","hentry","category-estado","category-principal"],"jetpack_publicize_connections":[],"jetpack_sharing_enabled":true,"jetpack_featured_media_url":"https:\/\/i0.wp.com\/alcierrenoticias.com\/wp-content\/uploads\/2026\/04\/WhatsApp-Image-2026-04-28-at-12.34.42-PM.jpeg?fit=1600%2C1066&ssl=1","amp_enabled":true,"_links":{"self":[{"href":"https:\/\/alcierrenoticias.com\/index.php\/wp-json\/wp\/v2\/posts\/22118","targetHints":{"allow":["GET"]}}],"collection":[{"href":"https:\/\/alcierrenoticias.com\/index.php\/wp-json\/wp\/v2\/posts"}],"about":[{"href":"https:\/\/alcierrenoticias.com\/index.php\/wp-json\/wp\/v2\/types\/post"}],"author":[{"embeddable":true,"href":"https:\/\/alcierrenoticias.com\/index.php\/wp-json\/wp\/v2\/users\/2"}],"replies":[{"embeddable":true,"href":"https:\/\/alcierrenoticias.com\/index.php\/wp-json\/wp\/v2\/comments?post=22118"}],"version-history":[{"count":2,"href":"https:\/\/alcierrenoticias.com\/index.php\/wp-json\/wp\/v2\/posts\/22118\/revisions"}],"predecessor-version":[{"id":22121,"href":"https:\/\/alcierrenoticias.com\/index.php\/wp-json\/wp\/v2\/posts\/22118\/revisions\/22121"}],"wp:featuredmedia":[{"embeddable":true,"href":"https:\/\/alcierrenoticias.com\/index.php\/wp-json\/wp\/v2\/media\/22119"}],"wp:attachment":[{"href":"https:\/\/alcierrenoticias.com\/index.php\/wp-json\/wp\/v2\/media?parent=22118"}],"wp:term":[{"taxonomy":"category","embeddable":true,"href":"https:\/\/alcierrenoticias.com\/index.php\/wp-json\/wp\/v2\/categories?post=22118"},{"taxonomy":"post_tag","embeddable":true,"href":"https:\/\/alcierrenoticias.com\/index.php\/wp-json\/wp\/v2\/tags?post=22118"}],"curies":[{"name":"wp","href":"https:\/\/api.w.org\/{rel}","templated":true}]}}