{"id":22110,"date":"2026-04-27T17:50:36","date_gmt":"2026-04-27T23:50:36","guid":{"rendered":"https:\/\/alcierrenoticias.com\/?p=22110"},"modified":"2026-04-28T15:36:47","modified_gmt":"2026-04-28T21:36:47","slug":"gobierno-municipal-y-dif-camargo-llevaran-festejos-del-dia-de-la-ninez-a-todas-las-comunidades-rurales","status":"publish","type":"post","link":"https:\/\/alcierrenoticias.com\/index.php\/2026\/04\/27\/gobierno-municipal-y-dif-camargo-llevaran-festejos-del-dia-de-la-ninez-a-todas-las-comunidades-rurales\/","title":{"rendered":"Gobierno Municipal y DIF Camargo llevar\u00e1n festejos del D\u00eda de la Ni\u00f1ez a todas las comunidades rurales."},"content":{"rendered":"<p>Con el compromiso de llevar alegr\u00eda a todos los rincones del municipio, el Gobierno Municipal de Camargo, a trav\u00e9s del DIF Municipal, anunci\u00f3 una serie de festejos con motivo del D\u00eda de la Ni\u00f1ez, dirigidos a ni\u00f1as y ni\u00f1os de todas las comunidades rurales.<\/p>\n<p>Este esfuerzo contempla un recorrido organizado en 8 rutas, mediante las cuales se visitar\u00e1n diversas localidades, incluyendo el seccional de La Perla, as\u00ed como el total de las comunidades rurales del municipio, garantizando que ninguna ni\u00f1a o ni\u00f1o se quede sin celebrar esta importante fecha.<\/p>\n<p>De acuerdo con la programaci\u00f3n, el festejo en el seccional de La Perla se llevar\u00e1 a cabo este martes a las 11:00 de la ma\u00f1ana. Posteriormente, el mi\u00e9rcoles 29 de abril, las actividades llegar\u00e1n a las comunidades de Laguna de las Vacas y la Exhacienda R\u00edo del Parral. Finalmente, el jueves 30 de abril, se cubrir\u00e1 el resto de las comunidades rurales a trav\u00e9s de seis rutas adicionales, iniciando a partir de las 5:00 de la tarde.<\/p>\n<p>Durante cada visita, se estar\u00e1n entregando juguetes, dulces y se realizar\u00e1n din\u00e1micas con pi\u00f1atas, con el objetivo de brindar momentos de felicidad y sana convivencia a la ni\u00f1ez camarguense.<\/p>\n<p>El presidente municipal, Jorge Aldana, destac\u00f3 la importancia de este tipo de acciones, se\u00f1alando que \u201cla intenci\u00f3n es llegar a todos los rincones del municipio para que las ni\u00f1as y los ni\u00f1os pasen un rato de alegr\u00eda y diversi\u00f3n. Por ello, todo el equipo del Gobierno Municipal estar\u00e1 participando activamente en esta actividad\u201d.<\/p>\n<p>Con estas acciones, el Gobierno Municipal y el DIF reafirman su compromiso con el bienestar y desarrollo integral de la ni\u00f1ez, promoviendo espacios de convivencia y fortaleciendo el tejido social en las comunidades rurales de Camargo.<\/p>\n","protected":false},"excerpt":{"rendered":"<p>Con el compromiso de llevar alegr\u00eda a todos los rincones del municipio, el Gobierno Municipal de Camargo, a trav\u00e9s del DIF Municipal, anunci\u00f3 una serie de festejos con motivo del D\u00eda de la Ni\u00f1ez, dirigidos a ni\u00f1as y ni\u00f1os de todas las comunidades rurales. Este esfuerzo contempla un recorrido organizado en 8 rutas, mediante las cuales se visitar\u00e1n diversas localidades, incluyendo el seccional de La Perla, as\u00ed como el total de las comunidades rurales del municipio, garantizando que ninguna ni\u00f1a o ni\u00f1o se quede sin celebrar esta importante fecha. De acuerdo con la programaci\u00f3n, el festejo en el seccional de La Perla se llevar\u00e1 a cabo este martes a las 11:00 de la ma\u00f1ana. Posteriormente, el mi\u00e9rcoles 29 de abril, las actividades llegar\u00e1n a las comunidades de Laguna de las Vacas y la Exhacienda R\u00edo del Parral. Finalmente, el jueves 30 de abril, se cubrir\u00e1 el resto de las comunidades rurales a trav\u00e9s de seis rutas adicionales, iniciando a partir de las 5:00 de la tarde. Durante cada visita, se estar\u00e1n entregando juguetes, dulces y se realizar\u00e1n din\u00e1micas con pi\u00f1atas, con el objetivo de brindar momentos de felicidad y sana convivencia a la ni\u00f1ez camarguense. El presidente municipal, Jorge Aldana, destac\u00f3 la importancia de este tipo de acciones, se\u00f1alando que \u201cla intenci\u00f3n es llegar a todos los rincones del municipio para que las ni\u00f1as y los ni\u00f1os pasen un rato de alegr\u00eda y diversi\u00f3n. Por ello, todo el equipo del Gobierno Municipal estar\u00e1 participando activamente en esta actividad\u201d. Con estas acciones, el Gobierno Municipal y el DIF reafirman su compromiso con el bienestar y desarrollo integral de la ni\u00f1ez, promoviendo espacios de convivencia y fortaleciendo el tejido social en las comunidades rurales de Camargo.<\/p>\n","protected":false},"author":2,"featured_media":22111,"comment_status":"open","ping_status":"open","sticky":false,"template":"","format":"standard","meta":{"_monsterinsights_skip_tracking":false,"_monsterinsights_sitenote_active":false,"_monsterinsights_sitenote_note":"","_monsterinsights_sitenote_category":0,"advanced_seo_description":"","jetpack_seo_html_title":"","jetpack_seo_noindex":false,"_jetpack_memberships_contains_paid_content":false,"footnotes":"","jetpack_publicize_message":"","jetpack_publicize_feature_enabled":true,"jetpack_social_post_already_shared":true,"jetpack_social_options":{"image_generator_settings":{"template":"highway","enabled":false},"version":2}},"categories":[8,135,11],"tags":[],"class_list":["post-22110","post","type-post","status-publish","format-standard","has-post-thumbnail","hentry","category-estado","category-lo-mas-leido","category-principal"],"jetpack_publicize_connections":[],"jetpack_sharing_enabled":true,"jetpack_featured_media_url":"https:\/\/i0.wp.com\/alcierrenoticias.com\/wp-content\/uploads\/2026\/04\/WhatsApp-Image-2026-04-27-at-5.39.31-PM.jpeg?fit=1600%2C1067&ssl=1","amp_enabled":true,"_links":{"self":[{"href":"https:\/\/alcierrenoticias.com\/index.php\/wp-json\/wp\/v2\/posts\/22110","targetHints":{"allow":["GET"]}}],"collection":[{"href":"https:\/\/alcierrenoticias.com\/index.php\/wp-json\/wp\/v2\/posts"}],"about":[{"href":"https:\/\/alcierrenoticias.com\/index.php\/wp-json\/wp\/v2\/types\/post"}],"author":[{"embeddable":true,"href":"https:\/\/alcierrenoticias.com\/index.php\/wp-json\/wp\/v2\/users\/2"}],"replies":[{"embeddable":true,"href":"https:\/\/alcierrenoticias.com\/index.php\/wp-json\/wp\/v2\/comments?post=22110"}],"version-history":[{"count":2,"href":"https:\/\/alcierrenoticias.com\/index.php\/wp-json\/wp\/v2\/posts\/22110\/revisions"}],"predecessor-version":[{"id":22113,"href":"https:\/\/alcierrenoticias.com\/index.php\/wp-json\/wp\/v2\/posts\/22110\/revisions\/22113"}],"wp:featuredmedia":[{"embeddable":true,"href":"https:\/\/alcierrenoticias.com\/index.php\/wp-json\/wp\/v2\/media\/22111"}],"wp:attachment":[{"href":"https:\/\/alcierrenoticias.com\/index.php\/wp-json\/wp\/v2\/media?parent=22110"}],"wp:term":[{"taxonomy":"category","embeddable":true,"href":"https:\/\/alcierrenoticias.com\/index.php\/wp-json\/wp\/v2\/categories?post=22110"},{"taxonomy":"post_tag","embeddable":true,"href":"https:\/\/alcierrenoticias.com\/index.php\/wp-json\/wp\/v2\/tags?post=22110"}],"curies":[{"name":"wp","href":"https:\/\/api.w.org\/{rel}","templated":true}]}}