{"id":22090,"date":"2026-04-27T13:15:04","date_gmt":"2026-04-27T19:15:04","guid":{"rendered":"https:\/\/alcierrenoticias.com\/?p=22090"},"modified":"2026-04-27T13:45:35","modified_gmt":"2026-04-27T19:45:35","slug":"con-cuenta-cuentos-fomentan-en-meoqui-la-lectura-desde-edad-temprana","status":"publish","type":"post","link":"https:\/\/alcierrenoticias.com\/index.php\/2026\/04\/27\/con-cuenta-cuentos-fomentan-en-meoqui-la-lectura-desde-edad-temprana\/","title":{"rendered":"Con \u201cCuenta Cuentos\u201d fomentan en Meoqui la lectura desde edad temprana."},"content":{"rendered":"<p>Acudieron 20 alumnos de primer grado de la Escuela Primaria Benito Ju\u00e1rez como parte de la actividad \u201cConociendo tu Biblioteca\u201d<\/p>\n<p>En el marco del D\u00eda Mundial del Libro, el Gobierno Municipal de Meoqui contin\u00faa promoviendo el h\u00e1bito de la lectura, en esta ocasi\u00f3n mediante \u201cCuenta Cuentos\u201d como parte de la actividad \u201cConociendo tu Biblioteca\u201d, dirigida a 20 alumnos de primer grado de la Escuela Primaria Benito Ju\u00e1rez, realizada en la Biblioteca Municipal \u201cPaulita A\u00fan de Aguirre\u201d.<\/p>\n<p>As\u00ed lo inform\u00f3 Zenyith P\u00e9rez, directora de Desarrollo Social, quien destac\u00f3 que, adem\u00e1s de la narraci\u00f3n de cuentos, se brinda a los ni\u00f1os un recorrido por la biblioteca, donde conocen los libros disponibles, as\u00ed como el proceso para tramitar su credencial y poder llevar libros a casa.<\/p>\n<p>Asimismo, resalt\u00f3 que estas acciones tienen como objetivo fomentar la lectura desde temprana edad, una encomienda de la alcaldesa Miriam Soto. Por ello, este tipo de actividades se realizan tanto dentro como fuera de la biblioteca, buscando despertar el inter\u00e9s de cada vez m\u00e1s ni\u00f1as y ni\u00f1os por los libros.<\/p>\n<p>Finalmente, mencion\u00f3 que la actividad de \u201cCuenta Cuentos\u201d se lleva a cabo al menos una vez al mes con distintas instituciones educativas. A\u00f1adi\u00f3 que durante este mes se realizaron diversas actividades relacionadas con la lectura y el D\u00eda Mundial del Libro, y se continuar\u00e1 trabajando en este tipo de proyectos para fortalecer la formaci\u00f3n lectora en la comunidad.<\/p>\n","protected":false},"excerpt":{"rendered":"<p>Acudieron 20 alumnos de primer grado de la Escuela Primaria Benito Ju\u00e1rez como parte de la actividad \u201cConociendo tu Biblioteca\u201d En el marco del D\u00eda Mundial del Libro, el Gobierno Municipal de Meoqui contin\u00faa promoviendo el h\u00e1bito de la lectura, en esta ocasi\u00f3n mediante \u201cCuenta Cuentos\u201d como parte de la actividad \u201cConociendo tu Biblioteca\u201d, dirigida a 20 alumnos de primer grado de la Escuela Primaria Benito Ju\u00e1rez, realizada en la Biblioteca Municipal \u201cPaulita A\u00fan de Aguirre\u201d. As\u00ed lo inform\u00f3 Zenyith P\u00e9rez, directora de Desarrollo Social, quien destac\u00f3 que, adem\u00e1s de la narraci\u00f3n de cuentos, se brinda a los ni\u00f1os un recorrido por la biblioteca, donde conocen los libros disponibles, as\u00ed como el proceso para tramitar su credencial y poder llevar libros a casa. Asimismo, resalt\u00f3 que estas acciones tienen como objetivo fomentar la lectura desde temprana edad, una encomienda de la alcaldesa Miriam Soto. Por ello, este tipo de actividades se realizan tanto dentro como fuera de la biblioteca, buscando despertar el inter\u00e9s de cada vez m\u00e1s ni\u00f1as y ni\u00f1os por los libros. Finalmente, mencion\u00f3 que la actividad de \u201cCuenta Cuentos\u201d se lleva a cabo al menos una vez al mes con distintas instituciones educativas. A\u00f1adi\u00f3 que durante este mes se realizaron diversas actividades relacionadas con la lectura y el D\u00eda Mundial del Libro, y se continuar\u00e1 trabajando en este tipo de proyectos para fortalecer la formaci\u00f3n lectora en la comunidad.<\/p>\n","protected":false},"author":2,"featured_media":22091,"comment_status":"open","ping_status":"open","sticky":false,"template":"","format":"standard","meta":{"_monsterinsights_skip_tracking":false,"_monsterinsights_sitenote_active":false,"_monsterinsights_sitenote_note":"","_monsterinsights_sitenote_category":0,"advanced_seo_description":"","jetpack_seo_html_title":"","jetpack_seo_noindex":false,"_jetpack_memberships_contains_paid_content":false,"footnotes":"","jetpack_publicize_message":"","jetpack_publicize_feature_enabled":true,"jetpack_social_post_already_shared":true,"jetpack_social_options":{"image_generator_settings":{"template":"highway","enabled":false},"version":2}},"categories":[135,7,11],"tags":[],"class_list":["post-22090","post","type-post","status-publish","format-standard","has-post-thumbnail","hentry","category-lo-mas-leido","category-local","category-principal"],"jetpack_publicize_connections":[],"jetpack_sharing_enabled":true,"jetpack_featured_media_url":"https:\/\/i0.wp.com\/alcierrenoticias.com\/wp-content\/uploads\/2026\/04\/WhatsApp-Image-2026-04-27-at-12.42.19-PM.jpeg?fit=1280%2C853&ssl=1","amp_enabled":true,"_links":{"self":[{"href":"https:\/\/alcierrenoticias.com\/index.php\/wp-json\/wp\/v2\/posts\/22090","targetHints":{"allow":["GET"]}}],"collection":[{"href":"https:\/\/alcierrenoticias.com\/index.php\/wp-json\/wp\/v2\/posts"}],"about":[{"href":"https:\/\/alcierrenoticias.com\/index.php\/wp-json\/wp\/v2\/types\/post"}],"author":[{"embeddable":true,"href":"https:\/\/alcierrenoticias.com\/index.php\/wp-json\/wp\/v2\/users\/2"}],"replies":[{"embeddable":true,"href":"https:\/\/alcierrenoticias.com\/index.php\/wp-json\/wp\/v2\/comments?post=22090"}],"version-history":[{"count":2,"href":"https:\/\/alcierrenoticias.com\/index.php\/wp-json\/wp\/v2\/posts\/22090\/revisions"}],"predecessor-version":[{"id":22093,"href":"https:\/\/alcierrenoticias.com\/index.php\/wp-json\/wp\/v2\/posts\/22090\/revisions\/22093"}],"wp:featuredmedia":[{"embeddable":true,"href":"https:\/\/alcierrenoticias.com\/index.php\/wp-json\/wp\/v2\/media\/22091"}],"wp:attachment":[{"href":"https:\/\/alcierrenoticias.com\/index.php\/wp-json\/wp\/v2\/media?parent=22090"}],"wp:term":[{"taxonomy":"category","embeddable":true,"href":"https:\/\/alcierrenoticias.com\/index.php\/wp-json\/wp\/v2\/categories?post=22090"},{"taxonomy":"post_tag","embeddable":true,"href":"https:\/\/alcierrenoticias.com\/index.php\/wp-json\/wp\/v2\/tags?post=22090"}],"curies":[{"name":"wp","href":"https:\/\/api.w.org\/{rel}","templated":true}]}}