{"id":22086,"date":"2026-04-27T13:10:06","date_gmt":"2026-04-27T19:10:06","guid":{"rendered":"https:\/\/alcierrenoticias.com\/?p=22086"},"modified":"2026-04-27T13:43:53","modified_gmt":"2026-04-27T19:43:53","slug":"disfrutan-en-meoqui-mas-de-2-mil-personas-del-festival-de-la-ninez","status":"publish","type":"post","link":"https:\/\/alcierrenoticias.com\/index.php\/2026\/04\/27\/disfrutan-en-meoqui-mas-de-2-mil-personas-del-festival-de-la-ninez\/","title":{"rendered":"Disfrutan en Meoqui m\u00e1s de 2 mil personas del Festival de la Ni\u00f1ez."},"content":{"rendered":"<p>Entre risas, juegos y regalos, ni\u00f1as y ni\u00f1os celebran su d\u00eda en grande<\/p>\n<p>M\u00e1s de 2 mil personas se dieron cita en el Festival de la Ni\u00f1ez 2026, organizado por el Gobierno Municipal de Meoqui, a trav\u00e9s de la Direcci\u00f3n de Desarrollo Social y DIF Municipal, donde ni\u00f1as y ni\u00f1os disfrutaron de una jornada llena de alegr\u00eda, juegos, sorpresas y regalos. Familias completas acudieron a este festejo que se convirti\u00f3 en un espacio de convivencia y diversi\u00f3n, destacando el show de la payasita Holanda, quien llen\u00f3 el ambiente de risas, as\u00ed como la participaci\u00f3n de \u201cUn Mundo de Sonrisas\u201d, ofreciendo actividades como globos, bailes, juegos y pintacaritas.<\/p>\n<p>La directora de Desarrollo Social, Zenyith P\u00e9rez, expres\u00f3 su entusiasmo por la gran respuesta de la ciudadan\u00eda: \u201cEstamos muy contentos de recibir a tantas familias en este Festival de la Ni\u00f1ez 2026. Fueron m\u00e1s de 2 mil personas acompa\u00f1\u00e1ndonos en este evento preparado con mucho cari\u00f1o para nuestras ni\u00f1as y ni\u00f1os\u201d, se\u00f1al\u00f3.<\/p>\n<p>Durante el festival, se realiz\u00f3 la entrega de dulces, juguetes y bolis para todos los asistentes, garantizando momentos especiales para los m\u00e1s peque\u00f1os del hogar. Asimismo, se cont\u00f3 con la presencia de Juan Pablo Legarreta, S\u00edndico Municipal, Miguel G\u00f3mez, director de Soluciones Ciudadanas, Luis Valles director del Desarrollo Integral de la Familia, Club de Leones, as\u00ed como el apoyo del diputado Ismael P\u00e9rez y la colaboraci\u00f3n de DIF Estatal, la Maltera, quienes contribuyeron a hacer posible este evento. Adem\u00e1s, el Parque del DIF permaneci\u00f3 abierto de manera gratuita durante la jornada, permitiendo que m\u00e1s familias disfrutaran de este espacio.<\/p>\n","protected":false},"excerpt":{"rendered":"<p>Entre risas, juegos y regalos, ni\u00f1as y ni\u00f1os celebran su d\u00eda en grande M\u00e1s de 2 mil personas se dieron cita en el Festival de la Ni\u00f1ez 2026, organizado por el Gobierno Municipal de Meoqui, a trav\u00e9s de la Direcci\u00f3n de Desarrollo Social y DIF Municipal, donde ni\u00f1as y ni\u00f1os disfrutaron de una jornada llena de alegr\u00eda, juegos, sorpresas y regalos. Familias completas acudieron a este festejo que se convirti\u00f3 en un espacio de convivencia y diversi\u00f3n, destacando el show de la payasita Holanda, quien llen\u00f3 el ambiente de risas, as\u00ed como la participaci\u00f3n de \u201cUn Mundo de Sonrisas\u201d, ofreciendo actividades como globos, bailes, juegos y pintacaritas. La directora de Desarrollo Social, Zenyith P\u00e9rez, expres\u00f3 su entusiasmo por la gran respuesta de la ciudadan\u00eda: \u201cEstamos muy contentos de recibir a tantas familias en este Festival de la Ni\u00f1ez 2026. Fueron m\u00e1s de 2 mil personas acompa\u00f1\u00e1ndonos en este evento preparado con mucho cari\u00f1o para nuestras ni\u00f1as y ni\u00f1os\u201d, se\u00f1al\u00f3. Durante el festival, se realiz\u00f3 la entrega de dulces, juguetes y bolis para todos los asistentes, garantizando momentos especiales para los m\u00e1s peque\u00f1os del hogar. Asimismo, se cont\u00f3 con la presencia de Juan Pablo Legarreta, S\u00edndico Municipal, Miguel G\u00f3mez, director de Soluciones Ciudadanas, Luis Valles director del Desarrollo Integral de la Familia, Club de Leones, as\u00ed como el apoyo del diputado Ismael P\u00e9rez y la colaboraci\u00f3n de DIF Estatal, la Maltera, quienes contribuyeron a hacer posible este evento. Adem\u00e1s, el Parque del DIF permaneci\u00f3 abierto de manera gratuita durante la jornada, permitiendo que m\u00e1s familias disfrutaran de este espacio.<\/p>\n","protected":false},"author":2,"featured_media":22087,"comment_status":"open","ping_status":"open","sticky":false,"template":"","format":"standard","meta":{"_monsterinsights_skip_tracking":false,"_monsterinsights_sitenote_active":false,"_monsterinsights_sitenote_note":"","_monsterinsights_sitenote_category":0,"advanced_seo_description":"","jetpack_seo_html_title":"","jetpack_seo_noindex":false,"_jetpack_memberships_contains_paid_content":false,"footnotes":"","jetpack_publicize_message":"","jetpack_publicize_feature_enabled":true,"jetpack_social_post_already_shared":true,"jetpack_social_options":{"image_generator_settings":{"template":"highway","enabled":false},"version":2}},"categories":[135,7],"tags":[],"class_list":["post-22086","post","type-post","status-publish","format-standard","has-post-thumbnail","hentry","category-lo-mas-leido","category-local"],"jetpack_publicize_connections":[],"jetpack_sharing_enabled":true,"jetpack_featured_media_url":"https:\/\/i0.wp.com\/alcierrenoticias.com\/wp-content\/uploads\/2026\/04\/WhatsApp-Image-2026-04-27-at-12.42.11-PM.jpeg?fit=1200%2C800&ssl=1","amp_enabled":true,"_links":{"self":[{"href":"https:\/\/alcierrenoticias.com\/index.php\/wp-json\/wp\/v2\/posts\/22086","targetHints":{"allow":["GET"]}}],"collection":[{"href":"https:\/\/alcierrenoticias.com\/index.php\/wp-json\/wp\/v2\/posts"}],"about":[{"href":"https:\/\/alcierrenoticias.com\/index.php\/wp-json\/wp\/v2\/types\/post"}],"author":[{"embeddable":true,"href":"https:\/\/alcierrenoticias.com\/index.php\/wp-json\/wp\/v2\/users\/2"}],"replies":[{"embeddable":true,"href":"https:\/\/alcierrenoticias.com\/index.php\/wp-json\/wp\/v2\/comments?post=22086"}],"version-history":[{"count":2,"href":"https:\/\/alcierrenoticias.com\/index.php\/wp-json\/wp\/v2\/posts\/22086\/revisions"}],"predecessor-version":[{"id":22089,"href":"https:\/\/alcierrenoticias.com\/index.php\/wp-json\/wp\/v2\/posts\/22086\/revisions\/22089"}],"wp:featuredmedia":[{"embeddable":true,"href":"https:\/\/alcierrenoticias.com\/index.php\/wp-json\/wp\/v2\/media\/22087"}],"wp:attachment":[{"href":"https:\/\/alcierrenoticias.com\/index.php\/wp-json\/wp\/v2\/media?parent=22086"}],"wp:term":[{"taxonomy":"category","embeddable":true,"href":"https:\/\/alcierrenoticias.com\/index.php\/wp-json\/wp\/v2\/categories?post=22086"},{"taxonomy":"post_tag","embeddable":true,"href":"https:\/\/alcierrenoticias.com\/index.php\/wp-json\/wp\/v2\/tags?post=22086"}],"curies":[{"name":"wp","href":"https:\/\/api.w.org\/{rel}","templated":true}]}}