{"id":22078,"date":"2026-04-27T11:08:06","date_gmt":"2026-04-27T17:08:06","guid":{"rendered":"https:\/\/alcierrenoticias.com\/?p=22078"},"modified":"2026-04-27T13:39:53","modified_gmt":"2026-04-27T19:39:53","slug":"concluye-en-delicias-una-exitosa-vuelta-ciclista-internacional-2026","status":"publish","type":"post","link":"https:\/\/alcierrenoticias.com\/index.php\/2026\/04\/27\/concluye-en-delicias-una-exitosa-vuelta-ciclista-internacional-2026\/","title":{"rendered":"Concluye en Delicias una exitosa Vuelta Ciclista Internacional 2026."},"content":{"rendered":"<p>La sexta edici\u00f3n de la Vuelta Ciclista Internacional Delicias concluy\u00f3 con \u00e9xito como parte de los festejos por el 93 aniversario del municipio, destacando la participaci\u00f3n de ciclistas nacionales e internacionales y una competencia de alto nivel en cada una de sus etapas.<\/p>\n<p>Miguel Aguirre, director del Instituto Municipal del Deporte y la Juventud, se\u00f1al\u00f3 que las cuatro etapas de la competencia se desarrollaron de manera intensa y emocionante, iniciando con pruebas de velocidad pura, seguidas de la etapa reina con un recorrido de 150 kil\u00f3metros rumbo a Satev\u00f3, para continuar con circuitos en el parque G\u00f3mez Mor\u00edn y finalizar con otra jornada de resistencia y velocidad en el sector norte de la ciudad.<\/p>\n<p>Tras la suma de resultados, el ciclista del club Tenis Star, Omar Espinoza, se proclam\u00f3 campe\u00f3n absoluto de esta sexta edici\u00f3n, consolidando su desempe\u00f1o a lo largo de las distintas pruebas. En la segunda fuerza, el triunfo fue para Aureliano S\u00e1nchez, del equipo JP Tribikers, mientras que en la rama femenil \u00e9lite la vencedora fue Ana Hern\u00e1ndez, del club Crazy Cats. En la categor\u00eda avanzados, Antonio Camarillo, del grupo JP, se llev\u00f3 el primer lugar.<\/p>\n<p>El evento reuni\u00f3 a cientos de ciclistas provenientes de distintos estados del pa\u00eds, as\u00ed como de otros pa\u00edses, incluyendo participantes de Europa y Sudam\u00e9rica, lo que dio un car\u00e1cter internacional a la competencia y fortaleci\u00f3 su prestigio dentro del calendario deportivo.<\/p>\n<p>Por \u00faltimo, destac\u00f3 el respaldo del gobierno municipal que encabeza Jes\u00fas Valenciano, al deporte y subray\u00f3 que este tipo de eventos inspiran a las nuevas generaciones, se\u00f1alando que existen oportunidades reales para los j\u00f3venes, como el caso del deliciense Uriel Chaparro, quien actualmente compite en Europa tras haber sido detectado por equipos profesionales.<\/p>\n","protected":false},"excerpt":{"rendered":"<p>La sexta edici\u00f3n de la Vuelta Ciclista Internacional Delicias concluy\u00f3 con \u00e9xito como parte de los festejos por el 93 aniversario del municipio, destacando la participaci\u00f3n de ciclistas nacionales e internacionales y una competencia de alto nivel en cada una de sus etapas. Miguel Aguirre, director del Instituto Municipal del Deporte y la Juventud, se\u00f1al\u00f3 que las cuatro etapas de la competencia se desarrollaron de manera intensa y emocionante, iniciando con pruebas de velocidad pura, seguidas de la etapa reina con un recorrido de 150 kil\u00f3metros rumbo a Satev\u00f3, para continuar con circuitos en el parque G\u00f3mez Mor\u00edn y finalizar con otra jornada de resistencia y velocidad en el sector norte de la ciudad. Tras la suma de resultados, el ciclista del club Tenis Star, Omar Espinoza, se proclam\u00f3 campe\u00f3n absoluto de esta sexta edici\u00f3n, consolidando su desempe\u00f1o a lo largo de las distintas pruebas. En la segunda fuerza, el triunfo fue para Aureliano S\u00e1nchez, del equipo JP Tribikers, mientras que en la rama femenil \u00e9lite la vencedora fue Ana Hern\u00e1ndez, del club Crazy Cats. En la categor\u00eda avanzados, Antonio Camarillo, del grupo JP, se llev\u00f3 el primer lugar. El evento reuni\u00f3 a cientos de ciclistas provenientes de distintos estados del pa\u00eds, as\u00ed como de otros pa\u00edses, incluyendo participantes de Europa y Sudam\u00e9rica, lo que dio un car\u00e1cter internacional a la competencia y fortaleci\u00f3 su prestigio dentro del calendario deportivo. Por \u00faltimo, destac\u00f3 el respaldo del gobierno municipal que encabeza Jes\u00fas Valenciano, al deporte y subray\u00f3 que este tipo de eventos inspiran a las nuevas generaciones, se\u00f1alando que existen oportunidades reales para los j\u00f3venes, como el caso del deliciense Uriel Chaparro, quien actualmente compite en Europa tras haber sido detectado por equipos profesionales.<\/p>\n","protected":false},"author":2,"featured_media":22079,"comment_status":"open","ping_status":"open","sticky":false,"template":"","format":"standard","meta":{"_monsterinsights_skip_tracking":false,"_monsterinsights_sitenote_active":false,"_monsterinsights_sitenote_note":"","_monsterinsights_sitenote_category":0,"advanced_seo_description":"","jetpack_seo_html_title":"","jetpack_seo_noindex":false,"_jetpack_memberships_contains_paid_content":false,"footnotes":"","jetpack_publicize_message":"","jetpack_publicize_feature_enabled":true,"jetpack_social_post_already_shared":true,"jetpack_social_options":{"image_generator_settings":{"template":"highway","enabled":false},"version":2}},"categories":[7,11],"tags":[],"class_list":["post-22078","post","type-post","status-publish","format-standard","has-post-thumbnail","hentry","category-local","category-principal"],"jetpack_publicize_connections":[],"jetpack_sharing_enabled":true,"jetpack_featured_media_url":"https:\/\/i0.wp.com\/alcierrenoticias.com\/wp-content\/uploads\/2026\/04\/WhatsApp-Image-2026-04-27-at-11.00.53-AM.jpeg?fit=1280%2C959&ssl=1","amp_enabled":true,"_links":{"self":[{"href":"https:\/\/alcierrenoticias.com\/index.php\/wp-json\/wp\/v2\/posts\/22078","targetHints":{"allow":["GET"]}}],"collection":[{"href":"https:\/\/alcierrenoticias.com\/index.php\/wp-json\/wp\/v2\/posts"}],"about":[{"href":"https:\/\/alcierrenoticias.com\/index.php\/wp-json\/wp\/v2\/types\/post"}],"author":[{"embeddable":true,"href":"https:\/\/alcierrenoticias.com\/index.php\/wp-json\/wp\/v2\/users\/2"}],"replies":[{"embeddable":true,"href":"https:\/\/alcierrenoticias.com\/index.php\/wp-json\/wp\/v2\/comments?post=22078"}],"version-history":[{"count":2,"href":"https:\/\/alcierrenoticias.com\/index.php\/wp-json\/wp\/v2\/posts\/22078\/revisions"}],"predecessor-version":[{"id":22081,"href":"https:\/\/alcierrenoticias.com\/index.php\/wp-json\/wp\/v2\/posts\/22078\/revisions\/22081"}],"wp:featuredmedia":[{"embeddable":true,"href":"https:\/\/alcierrenoticias.com\/index.php\/wp-json\/wp\/v2\/media\/22079"}],"wp:attachment":[{"href":"https:\/\/alcierrenoticias.com\/index.php\/wp-json\/wp\/v2\/media?parent=22078"}],"wp:term":[{"taxonomy":"category","embeddable":true,"href":"https:\/\/alcierrenoticias.com\/index.php\/wp-json\/wp\/v2\/categories?post=22078"},{"taxonomy":"post_tag","embeddable":true,"href":"https:\/\/alcierrenoticias.com\/index.php\/wp-json\/wp\/v2\/tags?post=22078"}],"curies":[{"name":"wp","href":"https:\/\/api.w.org\/{rel}","templated":true}]}}