{"id":22074,"date":"2026-04-26T21:35:46","date_gmt":"2026-04-27T03:35:46","guid":{"rendered":"https:\/\/alcierrenoticias.com\/?p=22074"},"modified":"2026-04-27T13:37:46","modified_gmt":"2026-04-27T19:37:46","slug":"valenciano-encabeza-el-desfile-de-la-fundacion-2026-ante-miles-de-asistentes","status":"publish","type":"post","link":"https:\/\/alcierrenoticias.com\/index.php\/2026\/04\/26\/valenciano-encabeza-el-desfile-de-la-fundacion-2026-ante-miles-de-asistentes\/","title":{"rendered":"Valenciano encabeza el Desfile de la Fundaci\u00f3n 2026 ante miles de asistentes."},"content":{"rendered":"<p>Con el lema \u201cLa fiesta que vino de lejos\u201d, se llev\u00f3 a cabo el Magno Desfile de la Fundaci\u00f3n 2026, una celebraci\u00f3n que recorri\u00f3 la historia cultural y art\u00edstica de la ciudad en el marco de su 93 aniversario. El evento fue encabezado por el presidente municipal, Jes\u00fas Valenciano Garc\u00eda quien estuvo acompa\u00f1ado de autoridades, invitados especiales y miles de asistentes que se dieron cita para presenciar esta magna festividad.<\/p>\n<p>El desfile estuvo integrado por 37 contingentes, entre instituciones educativas, corporaciones de seguridad, agrupaciones culturales y art\u00edsticas, as\u00ed como invitados provenientes de otras entidades del pa\u00eds. La participaci\u00f3n de cada grupo reflej\u00f3 el desarrollo social y cultural de Delicias a lo largo de los a\u00f1os, as\u00ed como el compromiso de sus habitantes por preservar sus tradiciones.<\/p>\n<p>Uno de los principales atractivos del desfile fueron las 10 alegor\u00edas que dieron vida al recorrido tem\u00e1tico. Estas representaron distintos momentos y expresiones culturales que han llegado a la ciudad desde otras latitudes, entre ellas: el festival, el circo, el cine, la feria, las caravanas art\u00edsticas, la zarzuela, la hist\u00f3rica visita de Pedro Infante, el ballet cl\u00e1sico, el baile folkl\u00f3rico y la fiesta como s\u00edmbolo de identidad colectiva.<\/p>\n<p>El desfile inici\u00f3 con la participaci\u00f3n de la Direcci\u00f3n de Seguridad P\u00fablica Municipal y avanz\u00f3 entre m\u00fasica, danza, coloridos vestuarios y muestras de talento local y nacional, destacando la presencia de bandas de guerra, ballets folkl\u00f3ricos, instituciones educativas y agrupaciones art\u00edsticas.<\/p>\n<p>Tras varias horas de recorrido, el evento concluy\u00f3 en la Ruta Gastron\u00f3mica, donde los asistentes pudieron disfrutar de la oferta culinaria local, cerrando as\u00ed una jornada llena de tradici\u00f3n, historia y convivencia familiar.<\/p>\n<p>De esta manera, Delicias reafirma su identidad cultural y su esp\u00edritu festivo, celebrando un aniversario m\u00e1s con orgullo y proyectando hacia el futuro el legado de quienes forjaron esta ciudad.<\/p>\n","protected":false},"excerpt":{"rendered":"<p>Con el lema \u201cLa fiesta que vino de lejos\u201d, se llev\u00f3 a cabo el Magno Desfile de la Fundaci\u00f3n 2026, una celebraci\u00f3n que recorri\u00f3 la historia cultural y art\u00edstica de la ciudad en el marco de su 93 aniversario. El evento fue encabezado por el presidente municipal, Jes\u00fas Valenciano Garc\u00eda quien estuvo acompa\u00f1ado de autoridades, invitados especiales y miles de asistentes que se dieron cita para presenciar esta magna festividad. El desfile estuvo integrado por 37 contingentes, entre instituciones educativas, corporaciones de seguridad, agrupaciones culturales y art\u00edsticas, as\u00ed como invitados provenientes de otras entidades del pa\u00eds. La participaci\u00f3n de cada grupo reflej\u00f3 el desarrollo social y cultural de Delicias a lo largo de los a\u00f1os, as\u00ed como el compromiso de sus habitantes por preservar sus tradiciones. Uno de los principales atractivos del desfile fueron las 10 alegor\u00edas que dieron vida al recorrido tem\u00e1tico. Estas representaron distintos momentos y expresiones culturales que han llegado a la ciudad desde otras latitudes, entre ellas: el festival, el circo, el cine, la feria, las caravanas art\u00edsticas, la zarzuela, la hist\u00f3rica visita de Pedro Infante, el ballet cl\u00e1sico, el baile folkl\u00f3rico y la fiesta como s\u00edmbolo de identidad colectiva. El desfile inici\u00f3 con la participaci\u00f3n de la Direcci\u00f3n de Seguridad P\u00fablica Municipal y avanz\u00f3 entre m\u00fasica, danza, coloridos vestuarios y muestras de talento local y nacional, destacando la presencia de bandas de guerra, ballets folkl\u00f3ricos, instituciones educativas y agrupaciones art\u00edsticas. Tras varias horas de recorrido, el evento concluy\u00f3 en la Ruta Gastron\u00f3mica, donde los asistentes pudieron disfrutar de la oferta culinaria local, cerrando as\u00ed una jornada llena de tradici\u00f3n, historia y convivencia familiar. De esta manera, Delicias reafirma su identidad cultural y su esp\u00edritu festivo, celebrando un aniversario m\u00e1s con orgullo y proyectando hacia el futuro el legado de quienes forjaron esta ciudad.<\/p>\n","protected":false},"author":2,"featured_media":22075,"comment_status":"open","ping_status":"open","sticky":false,"template":"","format":"standard","meta":{"_monsterinsights_skip_tracking":false,"_monsterinsights_sitenote_active":false,"_monsterinsights_sitenote_note":"","_monsterinsights_sitenote_category":0,"advanced_seo_description":"","jetpack_seo_html_title":"","jetpack_seo_noindex":false,"_jetpack_memberships_contains_paid_content":false,"footnotes":"","jetpack_publicize_message":"","jetpack_publicize_feature_enabled":true,"jetpack_social_post_already_shared":true,"jetpack_social_options":{"image_generator_settings":{"template":"highway","enabled":false},"version":2}},"categories":[135,7],"tags":[],"class_list":["post-22074","post","type-post","status-publish","format-standard","has-post-thumbnail","hentry","category-lo-mas-leido","category-local"],"jetpack_publicize_connections":[],"jetpack_sharing_enabled":true,"jetpack_featured_media_url":"https:\/\/i0.wp.com\/alcierrenoticias.com\/wp-content\/uploads\/2026\/04\/WhatsApp-Image-2026-04-26-at-9.29.55-PM.jpeg?fit=1280%2C854&ssl=1","amp_enabled":true,"_links":{"self":[{"href":"https:\/\/alcierrenoticias.com\/index.php\/wp-json\/wp\/v2\/posts\/22074","targetHints":{"allow":["GET"]}}],"collection":[{"href":"https:\/\/alcierrenoticias.com\/index.php\/wp-json\/wp\/v2\/posts"}],"about":[{"href":"https:\/\/alcierrenoticias.com\/index.php\/wp-json\/wp\/v2\/types\/post"}],"author":[{"embeddable":true,"href":"https:\/\/alcierrenoticias.com\/index.php\/wp-json\/wp\/v2\/users\/2"}],"replies":[{"embeddable":true,"href":"https:\/\/alcierrenoticias.com\/index.php\/wp-json\/wp\/v2\/comments?post=22074"}],"version-history":[{"count":2,"href":"https:\/\/alcierrenoticias.com\/index.php\/wp-json\/wp\/v2\/posts\/22074\/revisions"}],"predecessor-version":[{"id":22077,"href":"https:\/\/alcierrenoticias.com\/index.php\/wp-json\/wp\/v2\/posts\/22074\/revisions\/22077"}],"wp:featuredmedia":[{"embeddable":true,"href":"https:\/\/alcierrenoticias.com\/index.php\/wp-json\/wp\/v2\/media\/22075"}],"wp:attachment":[{"href":"https:\/\/alcierrenoticias.com\/index.php\/wp-json\/wp\/v2\/media?parent=22074"}],"wp:term":[{"taxonomy":"category","embeddable":true,"href":"https:\/\/alcierrenoticias.com\/index.php\/wp-json\/wp\/v2\/categories?post=22074"},{"taxonomy":"post_tag","embeddable":true,"href":"https:\/\/alcierrenoticias.com\/index.php\/wp-json\/wp\/v2\/tags?post=22074"}],"curies":[{"name":"wp","href":"https:\/\/api.w.org\/{rel}","templated":true}]}}